{"id":71482,"date":"2015-06-18T18:25:07","date_gmt":"2015-06-18T21:25:07","guid":{"rendered":"http:\/\/www.redenoticia.com.br\/noticia\/?p=71482"},"modified":"2015-06-18T18:25:07","modified_gmt":"2015-06-18T21:25:07","slug":"intencao-de-consumo-no-sudeste-cai-30-em-relacao-a-junho-do-ano-passado","status":"publish","type":"post","link":"https:\/\/www.redenoticia.com.br\/noticia\/2015\/intencao-de-consumo-no-sudeste-cai-30-em-relacao-a-junho-do-ano-passado\/71482","title":{"rendered":"Inten\u00e7\u00e3o de consumo no Sudeste cai 30% em rela\u00e7\u00e3o a junho do ano passado"},"content":{"rendered":"<p> A Regi\u00e3o Sudeste teve a mais intensa queda na <strong><em>Inten\u00e7\u00e3o de Consumo<\/em><\/strong> das Fam\u00edlias em junho na compara\u00e7\u00e3o com o ano passado, informou a Confedera\u00e7\u00e3o Nacional do Com\u00e9rcio de Bens, Servi\u00e7os e Turismo (CNC). Enquanto a queda nacional chegou a 23,8%, no Sudeste, a retra\u00e7\u00e3o ficou em 29,9%.<\/p>\n<p>De acordo com a pesquisa, enquanto o indicador nacional chegou a 91,7 pontos, no Sudeste, atingiu 79,9. Nenhuma outra regi\u00e3o brasileira est\u00e1 abaixo de 90 pontos. O Nordeste (109,5) e o Centro-Oeste (100,7) s\u00e3o as \u00fanicas com resultados considerados na &#8220;zona positiva&#8221;, por estarem acima de 100 pontos.<\/p>\n<p>O Sul teve queda de 20,9% na compara\u00e7\u00e3o com o ano passado e chegou a 96 pontos, e o Norte, de 20,6%, que o levou a 94,9 pontos. Apesar de continuar na zona positiva, o Nordeste caiu 18,9%, e o Centro-Oeste, 15%.<\/p>\n<p>Assim como nos n\u00fameros nacionais, o momento para aquisi\u00e7\u00e3o de bens dur\u00e1veis foi o indicador que mais caiu no Sudeste, com queda de 44,1% em rela\u00e7\u00e3o ao ano anterior e de 9,2% na compara\u00e7\u00e3o a maio.<\/p>\n<p>O indicador que mede as perspectivas de consumo caiu 40,5% na compara\u00e7\u00e3o com junho do ano passado, e o n\u00edvel de consumo atual, 36,2%. O acesso ao cr\u00e9dito tamb\u00e9m teve queda de mais de 30%, com -36,9%.<\/p>\n<p>Os habitantes do Sudeste foram os que manifestaram maior preocupa\u00e7\u00e3o com a seguran\u00e7a do emprego atual, com queda de 16,5% no indicador, enquanto os demais n\u00e3o passaram de 10%. O indicador que mede a renda atual tamb\u00e9m teve a maior queda no Sudeste, com 27,1%, enquanto nacionalmente o recuo foi 19,3%.<\/p>\n<p>Vin\u00edcius Lisboa &#8211; Rep\u00f3rter da Ag\u00eancia Brasil<br \/>\nEdi\u00e7\u00e3o: L\u00edlian Beraldo<\/p>\n","protected":false},"excerpt":{"rendered":"<p>A Regi\u00e3o Sudeste teve a mais intensa queda na Inten\u00e7\u00e3o de Consumo das Fam\u00edlias em junho na compara\u00e7\u00e3o com o ano passado, informou a Confedera\u00e7\u00e3o Nacional do Com\u00e9rcio de Bens, Servi\u00e7os e Turismo (CNC). Enquanto a queda nacional chegou a 23,8%, no Sudeste, a retra\u00e7\u00e3o ficou em 29,9%. De acordo com a pesquisa, enquanto o [&hellip;]<\/p>\n","protected":false},"author":2,"featured_media":57585,"comment_status":"open","ping_status":"closed","sticky":false,"template":"","format":"standard","meta":{"_genesis_hide_title":false,"_genesis_hide_breadcrumbs":false,"_genesis_hide_singular_image":false,"_genesis_hide_footer_widgets":false,"_genesis_custom_body_class":"","_genesis_custom_post_class":"","_genesis_layout":"","_jetpack_memberships_contains_paid_content":false,"footnotes":""},"categories":[22,7],"tags":[],"class_list":{"0":"post-71482","1":"post","2":"type-post","3":"status-publish","4":"format-standard","5":"has-post-thumbnail","7":"category-brasil","8":"category-economia","9":"entry","10":"gs-1","11":"gs-odd","12":"gs-even","13":"gs-featured-content-entry"},"jetpack_featured_media_url":"https:\/\/www.redenoticia.com.br\/noticia\/imagens\/analise-economia.jpg","jetpack_sharing_enabled":true,"jetpack_likes_enabled":true,"_links":{"self":[{"href":"https:\/\/www.redenoticia.com.br\/noticia\/wp-json\/wp\/v2\/posts\/71482","targetHints":{"allow":["GET"]}}],"collection":[{"href":"https:\/\/www.redenoticia.com.br\/noticia\/wp-json\/wp\/v2\/posts"}],"about":[{"href":"https:\/\/www.redenoticia.com.br\/noticia\/wp-json\/wp\/v2\/types\/post"}],"author":[{"embeddable":true,"href":"https:\/\/www.redenoticia.com.br\/noticia\/wp-json\/wp\/v2\/users\/2"}],"replies":[{"embeddable":true,"href":"https:\/\/www.redenoticia.com.br\/noticia\/wp-json\/wp\/v2\/comments?post=71482"}],"version-history":[{"count":0,"href":"https:\/\/www.redenoticia.com.br\/noticia\/wp-json\/wp\/v2\/posts\/71482\/revisions"}],"wp:featuredmedia":[{"embeddable":true,"href":"https:\/\/www.redenoticia.com.br\/noticia\/wp-json\/wp\/v2\/media\/57585"}],"wp:attachment":[{"href":"https:\/\/www.redenoticia.com.br\/noticia\/wp-json\/wp\/v2\/media?parent=71482"}],"wp:term":[{"taxonomy":"category","embeddable":true,"href":"https:\/\/www.redenoticia.com.br\/noticia\/wp-json\/wp\/v2\/categories?post=71482"},{"taxonomy":"post_tag","embeddable":true,"href":"https:\/\/www.redenoticia.com.br\/noticia\/wp-json\/wp\/v2\/tags?post=71482"}],"curies":[{"name":"wp","href":"https:\/\/api.w.org\/{rel}","templated":true}]}}