{"id":71431,"date":"2015-06-17T17:33:43","date_gmt":"2015-06-17T20:33:43","guid":{"rendered":"http:\/\/www.redenoticia.com.br\/noticia\/?p=71431"},"modified":"2015-06-17T17:33:43","modified_gmt":"2015-06-17T20:33:43","slug":"saidas-de-dolares-do-pais-voltam-a-superar-entradas-na-ultima-semana","status":"publish","type":"post","link":"https:\/\/www.redenoticia.com.br\/noticia\/2015\/saidas-de-dolares-do-pais-voltam-a-superar-entradas-na-ultima-semana\/71431","title":{"rendered":"Sa\u00eddas de d\u00f3lares do pa\u00eds voltam a superar entradas na \u00faltima semana"},"content":{"rendered":"<p> As <strong><em>sa\u00eddas de d\u00f3lares<\/em><\/strong> do pa\u00eds superaram as entradas em US$ 1,029 bilh\u00e3o na \u00faltima semana. Com isso, o m\u00eas que come\u00e7ou com saldo positivo de US$ 382 milh\u00f5es na primeira semana, agora acumula d\u00e9ficit em US$ 647 milh\u00f5es, de 1\u00ba a 12 de junho.<\/p>\n<p>Nas duas semanas deste m\u00eas, o fluxo financeiro \u2013 investimentos em t\u00edtulos, remessas de lucros e dividendos ao exterior e investimentos estrangeiros diretos, por exemplo \u2013 ficou negativo em US$ 984 milh\u00f5es. J\u00e1 o fluxo comercial \u2013 opera\u00e7\u00f5es de c\u00e2mbio relacionadas a exporta\u00e7\u00f5es e importa\u00e7\u00f5es \u2013 registrou saldo positivo de US$ 337 milh\u00f5es.<\/p>\n<p>De janeiro a 12 de junho, o fluxo cambial est\u00e1 positivo em US$ 15,146 bilh\u00f5es. Nesse per\u00edodo, o fluxo financeiro ficou positivo em US$ 7,933 bilh\u00f5es e o comercial, em US$ 7,213 bilh\u00f5es.<\/p>\n<p>Kelly Oliveira \u2013 Rep\u00f3rter da Ag\u00eancia Brasil<br \/>\nEdi\u00e7\u00e3o: Marcos Chagas<\/p>\n<p>&#8212;<br \/>\nA Empresa Brasil de Comunica\u00e7\u00e3o \u00e9 uma institui\u00e7\u00e3o da democracia brasileira: p\u00fablica, inclusiva e cidad\u00e3.  Criada em 2007 para fortalecer o sistema p\u00fablico de comunica\u00e7\u00e3o, \u00e9 gestora dos canais TV Brasil, TV Brasil Internacional, Ag\u00eancia Brasil, Radioag\u00eancia Nacional e do sistema p\u00fablico de R\u00e1dio \u2013 composto por oito emissoras. Estes, por sua independ\u00eancia editorial, distinguem-se dos canais estatais ou governamentais, com conte\u00fados diferenciados e complementares aos canais privados.<\/p>\n<p>Os ve\u00edculos da EBC t\u00eam autonomia para definir produ\u00e7\u00e3o, programa\u00e7\u00e3o e distribui\u00e7\u00e3o de conte\u00fados.<\/p>\n","protected":false},"excerpt":{"rendered":"<p>As sa\u00eddas de d\u00f3lares do pa\u00eds superaram as entradas em US$ 1,029 bilh\u00e3o na \u00faltima semana. Com isso, o m\u00eas que come\u00e7ou com saldo positivo de US$ 382 milh\u00f5es na primeira semana, agora acumula d\u00e9ficit em US$ 647 milh\u00f5es, de 1\u00ba a 12 de junho. Nas duas semanas deste m\u00eas, o fluxo financeiro \u2013 investimentos [&hellip;]<\/p>\n","protected":false},"author":2,"featured_media":57583,"comment_status":"open","ping_status":"closed","sticky":false,"template":"","format":"standard","meta":{"_genesis_hide_title":false,"_genesis_hide_breadcrumbs":false,"_genesis_hide_singular_image":false,"_genesis_hide_footer_widgets":false,"_genesis_custom_body_class":"","_genesis_custom_post_class":"","_genesis_layout":"","_jetpack_memberships_contains_paid_content":false,"footnotes":""},"categories":[22,7],"tags":[],"class_list":{"0":"post-71431","1":"post","2":"type-post","3":"status-publish","4":"format-standard","5":"has-post-thumbnail","7":"category-brasil","8":"category-economia","9":"entry","10":"gs-1","11":"gs-odd","12":"gs-even","13":"gs-featured-content-entry"},"jetpack_featured_media_url":"https:\/\/www.redenoticia.com.br\/noticia\/imagens\/economia-grafico.jpg","jetpack_sharing_enabled":true,"jetpack_likes_enabled":true,"_links":{"self":[{"href":"https:\/\/www.redenoticia.com.br\/noticia\/wp-json\/wp\/v2\/posts\/71431","targetHints":{"allow":["GET"]}}],"collection":[{"href":"https:\/\/www.redenoticia.com.br\/noticia\/wp-json\/wp\/v2\/posts"}],"about":[{"href":"https:\/\/www.redenoticia.com.br\/noticia\/wp-json\/wp\/v2\/types\/post"}],"author":[{"embeddable":true,"href":"https:\/\/www.redenoticia.com.br\/noticia\/wp-json\/wp\/v2\/users\/2"}],"replies":[{"embeddable":true,"href":"https:\/\/www.redenoticia.com.br\/noticia\/wp-json\/wp\/v2\/comments?post=71431"}],"version-history":[{"count":0,"href":"https:\/\/www.redenoticia.com.br\/noticia\/wp-json\/wp\/v2\/posts\/71431\/revisions"}],"wp:featuredmedia":[{"embeddable":true,"href":"https:\/\/www.redenoticia.com.br\/noticia\/wp-json\/wp\/v2\/media\/57583"}],"wp:attachment":[{"href":"https:\/\/www.redenoticia.com.br\/noticia\/wp-json\/wp\/v2\/media?parent=71431"}],"wp:term":[{"taxonomy":"category","embeddable":true,"href":"https:\/\/www.redenoticia.com.br\/noticia\/wp-json\/wp\/v2\/categories?post=71431"},{"taxonomy":"post_tag","embeddable":true,"href":"https:\/\/www.redenoticia.com.br\/noticia\/wp-json\/wp\/v2\/tags?post=71431"}],"curies":[{"name":"wp","href":"https:\/\/api.w.org\/{rel}","templated":true}]}}