{"id":71429,"date":"2015-06-17T17:26:25","date_gmt":"2015-06-17T20:26:25","guid":{"rendered":"http:\/\/www.redenoticia.com.br\/noticia\/?p=71429"},"modified":"2015-06-17T17:26:25","modified_gmt":"2015-06-17T20:26:25","slug":"ipc-s-avanca-em-quatro-capitais-na-segunda-semana-de-junho","status":"publish","type":"post","link":"https:\/\/www.redenoticia.com.br\/noticia\/2015\/ipc-s-avanca-em-quatro-capitais-na-segunda-semana-de-junho\/71429","title":{"rendered":"IPC-S avan\u00e7a em quatro capitais na segunda semana de junho"},"content":{"rendered":"<p> O \u00cdndice de <strong><em>Pre\u00e7os ao Consumidor<\/em><\/strong> Semanal (IPC-S) avan\u00e7ou em quatro das sete capitais pesquisadas pela Funda\u00e7\u00e3o Getulio Vargas (FGV) na passagem da primeira para a segunda semana de junho. A maior alta da infla\u00e7\u00e3o foi observada em Bras\u00edlia: 0,19 ponto percentual, ao passar de 0,67% na primeira semana para 0,86%na segunda semana.<\/p>\n<p>Outras capitais com alta na taxa de infla\u00e7\u00e3o foram Salvador (0,15 ponto percentual, ao passar de 0,84% para 0,99%), Rio de Janeiro (0,06 ponto percentual, ao passar de 0,74% para 0,8%) e S\u00e3o Paulo (0,03 ponto percentual, ao passar de 0,89% para 0,92%).<\/p>\n<p>Por outro lado, tr\u00eas cidades tiveram queda na taxa de infla\u00e7\u00e3o: Belo Horizonte (0,27 ponto percentual, ao passar de 0,73% para 0,46%), Recife (0,08 ponto percentual, ao passar de 1,12% para 1,04%) e Porto Alegre (0,03 ponto percentual, ao passar de 0,92% para 0,89%).<\/p>\n<p>A m\u00e9dia nacional do IPC-S ficou em 0,86% na segunda semana de junho, 0,01 ponto percentual acima da taxa da primeira semana.<\/p>\n<p>Vitor Abdala \u2013 Rep\u00f3rter da Ag\u00eancia Brasil<br \/>\nEdi\u00e7\u00e3o: Denise Griesinger<br \/>\nIPC-S avan\u00e7a em quatro capitais<\/p>\n","protected":false},"excerpt":{"rendered":"<p>O \u00cdndice de Pre\u00e7os ao Consumidor Semanal (IPC-S) avan\u00e7ou em quatro das sete capitais pesquisadas pela Funda\u00e7\u00e3o Getulio Vargas (FGV) na passagem da primeira para a segunda semana de junho. A maior alta da infla\u00e7\u00e3o foi observada em Bras\u00edlia: 0,19 ponto percentual, ao passar de 0,67% na primeira semana para 0,86%na segunda semana. Outras capitais [&hellip;]<\/p>\n","protected":false},"author":2,"featured_media":57584,"comment_status":"open","ping_status":"closed","sticky":false,"template":"","format":"standard","meta":{"_genesis_hide_title":false,"_genesis_hide_breadcrumbs":false,"_genesis_hide_singular_image":false,"_genesis_hide_footer_widgets":false,"_genesis_custom_body_class":"","_genesis_custom_post_class":"","_genesis_layout":"","_jetpack_memberships_contains_paid_content":false,"footnotes":""},"categories":[22,7],"tags":[],"class_list":{"0":"post-71429","1":"post","2":"type-post","3":"status-publish","4":"format-standard","5":"has-post-thumbnail","7":"category-brasil","8":"category-economia","9":"entry","10":"gs-1","11":"gs-odd","12":"gs-even","13":"gs-featured-content-entry"},"jetpack_featured_media_url":"https:\/\/www.redenoticia.com.br\/noticia\/imagens\/economia-grafica-analise-inflacao.jpg","jetpack_sharing_enabled":true,"jetpack_likes_enabled":true,"_links":{"self":[{"href":"https:\/\/www.redenoticia.com.br\/noticia\/wp-json\/wp\/v2\/posts\/71429","targetHints":{"allow":["GET"]}}],"collection":[{"href":"https:\/\/www.redenoticia.com.br\/noticia\/wp-json\/wp\/v2\/posts"}],"about":[{"href":"https:\/\/www.redenoticia.com.br\/noticia\/wp-json\/wp\/v2\/types\/post"}],"author":[{"embeddable":true,"href":"https:\/\/www.redenoticia.com.br\/noticia\/wp-json\/wp\/v2\/users\/2"}],"replies":[{"embeddable":true,"href":"https:\/\/www.redenoticia.com.br\/noticia\/wp-json\/wp\/v2\/comments?post=71429"}],"version-history":[{"count":0,"href":"https:\/\/www.redenoticia.com.br\/noticia\/wp-json\/wp\/v2\/posts\/71429\/revisions"}],"wp:featuredmedia":[{"embeddable":true,"href":"https:\/\/www.redenoticia.com.br\/noticia\/wp-json\/wp\/v2\/media\/57584"}],"wp:attachment":[{"href":"https:\/\/www.redenoticia.com.br\/noticia\/wp-json\/wp\/v2\/media?parent=71429"}],"wp:term":[{"taxonomy":"category","embeddable":true,"href":"https:\/\/www.redenoticia.com.br\/noticia\/wp-json\/wp\/v2\/categories?post=71429"},{"taxonomy":"post_tag","embeddable":true,"href":"https:\/\/www.redenoticia.com.br\/noticia\/wp-json\/wp\/v2\/tags?post=71429"}],"curies":[{"name":"wp","href":"https:\/\/api.w.org\/{rel}","templated":true}]}}