{"id":71427,"date":"2015-06-17T17:24:20","date_gmt":"2015-06-17T20:24:20","guid":{"rendered":"http:\/\/www.redenoticia.com.br\/noticia\/?p=71427"},"modified":"2015-06-17T17:24:20","modified_gmt":"2015-06-17T20:24:20","slug":"pesquisa-do-ibge-mostra-favorecimento-de-microempreendedores","status":"publish","type":"post","link":"https:\/\/www.redenoticia.com.br\/noticia\/2015\/pesquisa-do-ibge-mostra-favorecimento-de-microempreendedores\/71427","title":{"rendered":"Pesquisa do IBGE mostra favorecimento de microempreendedores"},"content":{"rendered":"<p> O n\u00famero de <strong><em>empreendedores<\/em><\/strong> no Brasil chega a 24,4% da for\u00e7a de trabalho ocupada, o que corresponde a 23.125.469 pessoas, segundo Pesquisa Nacional de Amostras por Domic\u00edlio (Pnad) do Instituto Brasileiro de Geografia e Estat\u00edstica (IBGE). Desses, 21.873.189 s\u00e3o clientes potenciais para o Programa Nacional de Microcr\u00e9dito Produtivo Orientado, com renda at\u00e9 R$ 10 mil mensais.<\/p>\n<p>Os dados foram divulgados durante apresenta\u00e7\u00e3o de resultados do projeto de pesquisa Microcr\u00e9dito Produtivo Orientado: Inova\u00e7\u00f5es de Tecnologia Social e Aperfei\u00e7oamento de Pol\u00edtica, resultado da coopera\u00e7\u00e3o t\u00e9cnica do Minist\u00e9rio do Trabalho e Emprego com a Universidade de Bras\u00edlia.<\/p>\n<p>O estudo aponta que h\u00e1 maior concentra\u00e7\u00e3o, entre 50% dos empreendedores urbanos mais ricos, no recorte de clientes potenciais, sobretudo nas regi\u00f5es Sudeste e Sul do pa\u00eds. A maioria formada por pessoas do sexo masculino. Por outro lado, as mulheres t\u00eam n\u00edvel m\u00e9dio de escolaridade maior e s\u00e3o mais jovens. A pr\u00e1tica de conceder maior volume de cr\u00e9dito e renda de trabalho, todavia, ainda favorece mais aos homens, relativamente.<\/p>\n<p>As principais opera\u00e7\u00f5es de oferta de produtos microfinanceiros, na maioria das institui\u00e7\u00f5es pesquisadas, constituem oferta de capital de giro (84%), cr\u00e9dito para investimento individual (77%) e cr\u00e9dito para investimento e capital misto (63%).<\/p>\n<p>O parcelamento de pagamentos, para 96% das institui\u00e7\u00f5es, \u00e9 feito mensalmente, e 50% delas ainda usam o boleto como forma de cobran\u00e7a. Considerando apenas  as novas tecnologias, 47% das institui\u00e7\u00f5es responderam que utilizam telefone celular, 13% usam d\u00e9bito e cr\u00e9dito autom\u00e1tico em conta corrente, 8% acessam a internet e 3% optam por outras tecnologias, como o tablet.<\/p>\n<p>O estudo aponta como medidas de aprimoramento: mais articula\u00e7\u00e3o entre o Sistema P\u00fablico de Emprego, Trabalho e Renda com a pol\u00edtica de microcr\u00e9dito; mais est\u00edmulo a postos do Sistema Nacional de Emprego (Sine) para desenvolvimento de a\u00e7\u00f5es no \u00e2mbito do programa de microcr\u00e9dito; cria\u00e7\u00e3o de programas estaduais de microcr\u00e9dito orientado e melhor articula\u00e7\u00e3o na parceria entre prefeituras e o Sistema P\u00fablico de Emprego, Trabalho e Renda nas pol\u00edticas de atividade de microcr\u00e9dito.<\/p>\n<p>Os dados fornecidos representam informa\u00e7\u00f5es cedidas por 118 das 497 institui\u00e7\u00f5es que operavam o programa de microcr\u00e9dito orientado, devidamente cadastradas no Minist\u00e9rio do Trabalho e Emprego no segundo semestre de 2014, per\u00edodo da coleta e data de refer\u00eancia dos resultados apresentados.<\/p>\n<p>Da Ag\u00eancia Brasil<br \/>\nEdi\u00e7\u00e3o: St\u00eanio Ribeiro<\/p>\n","protected":false},"excerpt":{"rendered":"<p>O n\u00famero de empreendedores no Brasil chega a 24,4% da for\u00e7a de trabalho ocupada, o que corresponde a 23.125.469 pessoas, segundo Pesquisa Nacional de Amostras por Domic\u00edlio (Pnad) do Instituto Brasileiro de Geografia e Estat\u00edstica (IBGE). Desses, 21.873.189 s\u00e3o clientes potenciais para o Programa Nacional de Microcr\u00e9dito Produtivo Orientado, com renda at\u00e9 R$ 10 mil [&hellip;]<\/p>\n","protected":false},"author":2,"featured_media":38938,"comment_status":"open","ping_status":"closed","sticky":false,"template":"","format":"standard","meta":{"_genesis_hide_title":false,"_genesis_hide_breadcrumbs":false,"_genesis_hide_singular_image":false,"_genesis_hide_footer_widgets":false,"_genesis_custom_body_class":"","_genesis_custom_post_class":"","_genesis_layout":"","_jetpack_memberships_contains_paid_content":false,"footnotes":""},"categories":[22,7],"tags":[],"class_list":{"0":"post-71427","1":"post","2":"type-post","3":"status-publish","4":"format-standard","5":"has-post-thumbnail","7":"category-brasil","8":"category-economia","9":"entry","10":"gs-1","11":"gs-odd","12":"gs-even","13":"gs-featured-content-entry"},"jetpack_featured_media_url":"https:\/\/www.redenoticia.com.br\/noticia\/imagens\/economia1.jpg","jetpack_sharing_enabled":true,"jetpack_likes_enabled":true,"_links":{"self":[{"href":"https:\/\/www.redenoticia.com.br\/noticia\/wp-json\/wp\/v2\/posts\/71427","targetHints":{"allow":["GET"]}}],"collection":[{"href":"https:\/\/www.redenoticia.com.br\/noticia\/wp-json\/wp\/v2\/posts"}],"about":[{"href":"https:\/\/www.redenoticia.com.br\/noticia\/wp-json\/wp\/v2\/types\/post"}],"author":[{"embeddable":true,"href":"https:\/\/www.redenoticia.com.br\/noticia\/wp-json\/wp\/v2\/users\/2"}],"replies":[{"embeddable":true,"href":"https:\/\/www.redenoticia.com.br\/noticia\/wp-json\/wp\/v2\/comments?post=71427"}],"version-history":[{"count":0,"href":"https:\/\/www.redenoticia.com.br\/noticia\/wp-json\/wp\/v2\/posts\/71427\/revisions"}],"wp:featuredmedia":[{"embeddable":true,"href":"https:\/\/www.redenoticia.com.br\/noticia\/wp-json\/wp\/v2\/media\/38938"}],"wp:attachment":[{"href":"https:\/\/www.redenoticia.com.br\/noticia\/wp-json\/wp\/v2\/media?parent=71427"}],"wp:term":[{"taxonomy":"category","embeddable":true,"href":"https:\/\/www.redenoticia.com.br\/noticia\/wp-json\/wp\/v2\/categories?post=71427"},{"taxonomy":"post_tag","embeddable":true,"href":"https:\/\/www.redenoticia.com.br\/noticia\/wp-json\/wp\/v2\/tags?post=71427"}],"curies":[{"name":"wp","href":"https:\/\/api.w.org\/{rel}","templated":true}]}}