{"id":71373,"date":"2015-06-16T17:10:35","date_gmt":"2015-06-16T20:10:35","guid":{"rendered":"http:\/\/www.redenoticia.com.br\/noticia\/?p=71373"},"modified":"2015-06-16T17:10:35","modified_gmt":"2015-06-16T20:10:35","slug":"igp-10-aumenta-em-junho-e-acumula-inflacao-de-516-em-12-meses","status":"publish","type":"post","link":"https:\/\/www.redenoticia.com.br\/noticia\/2015\/igp-10-aumenta-em-junho-e-acumula-inflacao-de-516-em-12-meses\/71373","title":{"rendered":"IGP-10 aumenta em junho e acumula infla\u00e7\u00e3o de 5,16% em 12 meses"},"content":{"rendered":"<p> A <strong><em>infla\u00e7\u00e3o <\/em><\/strong>medida pelo \u00cdndice Geral de Pre\u00e7os-10 (IGP-10) ficou em 0,57%, em junho. A taxa \u00e9 superior ao 0,52% apurado em maio. Em 12 meses, o IGP-10 acumula infla\u00e7\u00e3o de 5,16%, segundo a Funda\u00e7\u00e3o Getulio Vargas (FGV).<\/p>\n<p> A alta na passagem de maio para junho foi provocada por avan\u00e7os nas taxas de infla\u00e7\u00e3o dos pre\u00e7os no varejo e na constru\u00e7\u00e3o civil. A taxa do \u00cdndice de Pre\u00e7os ao Consumidor, sub\u00edndice do IGP-10 que analisa o varejo, subiu de 0,57% em maio para 0,8% em junho.<\/p>\n<p>J\u00e1 o \u00cdndice Nacional de Custo da Constru\u00e7\u00e3o (INCC) passou de uma infla\u00e7\u00e3o de 0,37% em maio para 1,48% em junho.<\/p>\n<p>Por outro lado, o \u00cdndice de Pre\u00e7os ao Produtor Amplo, sub\u00edndice do IGP-10 que avalia o atacado, teve queda na taxa de infla\u00e7\u00e3o, ao passar de 0,53%, em maio, para 0,34%, em junho. O IGP-10 \u00e9 um \u00edndice geral de pre\u00e7os que analisa atacado, varejo e constru\u00e7\u00e3o civil, calculado pela FGV com base em pre\u00e7os coletados entre os dias 11 do m\u00eas anterior e 10 do m\u00eas de refer\u00eancia.<\/p>\n<p>Vitor Abdala &#8211; Rep\u00f3rter da Ag\u00eancia Brasil<br \/>\nEdi\u00e7\u00e3o: Marcos Chagas<\/p>\n","protected":false},"excerpt":{"rendered":"<p>A infla\u00e7\u00e3o medida pelo \u00cdndice Geral de Pre\u00e7os-10 (IGP-10) ficou em 0,57%, em junho. A taxa \u00e9 superior ao 0,52% apurado em maio. Em 12 meses, o IGP-10 acumula infla\u00e7\u00e3o de 5,16%, segundo a Funda\u00e7\u00e3o Getulio Vargas (FGV). A alta na passagem de maio para junho foi provocada por avan\u00e7os nas taxas de infla\u00e7\u00e3o dos [&hellip;]<\/p>\n","protected":false},"author":2,"featured_media":57584,"comment_status":"open","ping_status":"closed","sticky":false,"template":"","format":"standard","meta":{"_genesis_hide_title":false,"_genesis_hide_breadcrumbs":false,"_genesis_hide_singular_image":false,"_genesis_hide_footer_widgets":false,"_genesis_custom_body_class":"","_genesis_custom_post_class":"","_genesis_layout":"","_jetpack_memberships_contains_paid_content":false,"footnotes":""},"categories":[22,7],"tags":[],"class_list":{"0":"post-71373","1":"post","2":"type-post","3":"status-publish","4":"format-standard","5":"has-post-thumbnail","7":"category-brasil","8":"category-economia","9":"entry","10":"gs-1","11":"gs-odd","12":"gs-even","13":"gs-featured-content-entry"},"jetpack_featured_media_url":"https:\/\/www.redenoticia.com.br\/noticia\/imagens\/economia-grafica-analise-inflacao.jpg","jetpack_sharing_enabled":true,"jetpack_likes_enabled":true,"_links":{"self":[{"href":"https:\/\/www.redenoticia.com.br\/noticia\/wp-json\/wp\/v2\/posts\/71373","targetHints":{"allow":["GET"]}}],"collection":[{"href":"https:\/\/www.redenoticia.com.br\/noticia\/wp-json\/wp\/v2\/posts"}],"about":[{"href":"https:\/\/www.redenoticia.com.br\/noticia\/wp-json\/wp\/v2\/types\/post"}],"author":[{"embeddable":true,"href":"https:\/\/www.redenoticia.com.br\/noticia\/wp-json\/wp\/v2\/users\/2"}],"replies":[{"embeddable":true,"href":"https:\/\/www.redenoticia.com.br\/noticia\/wp-json\/wp\/v2\/comments?post=71373"}],"version-history":[{"count":0,"href":"https:\/\/www.redenoticia.com.br\/noticia\/wp-json\/wp\/v2\/posts\/71373\/revisions"}],"wp:featuredmedia":[{"embeddable":true,"href":"https:\/\/www.redenoticia.com.br\/noticia\/wp-json\/wp\/v2\/media\/57584"}],"wp:attachment":[{"href":"https:\/\/www.redenoticia.com.br\/noticia\/wp-json\/wp\/v2\/media?parent=71373"}],"wp:term":[{"taxonomy":"category","embeddable":true,"href":"https:\/\/www.redenoticia.com.br\/noticia\/wp-json\/wp\/v2\/categories?post=71373"},{"taxonomy":"post_tag","embeddable":true,"href":"https:\/\/www.redenoticia.com.br\/noticia\/wp-json\/wp\/v2\/tags?post=71373"}],"curies":[{"name":"wp","href":"https:\/\/api.w.org\/{rel}","templated":true}]}}