{"id":71371,"date":"2015-06-16T17:09:01","date_gmt":"2015-06-16T20:09:01","guid":{"rendered":"http:\/\/www.redenoticia.com.br\/noticia\/?p=71371"},"modified":"2015-06-16T17:09:01","modified_gmt":"2015-06-16T20:09:01","slug":"venda-do-setor-automotivo-cai-quase-20-em-abril-na-comparacao-com-2014","status":"publish","type":"post","link":"https:\/\/www.redenoticia.com.br\/noticia\/2015\/venda-do-setor-automotivo-cai-quase-20-em-abril-na-comparacao-com-2014\/71371","title":{"rendered":"Venda do setor automotivo cai quase 20% em abril na compara\u00e7\u00e3o com 2014"},"content":{"rendered":"<p> O volume de <strong><em>vendas do setor automotivo<\/em><\/strong> caiu 19,5% em abril na compara\u00e7\u00e3o com o mesmo per\u00edodo do ano passado, divulgou o Instituto Brasileiro de Geografia e Estat\u00edstica (IBGE). Apesar disso, segundo a Pesquisa Mensal do Com\u00e9rcio, o grupamento de atividades \u2013 ve\u00edculos e motos, partes e pe\u00e7as \u2013 teve alta de 4,4% em rela\u00e7\u00e3o a mar\u00e7o deste ano.<\/p>\n<p> De acordo com o IBGE, contribu\u00edram para a queda a retirada de incentivos como a redu\u00e7\u00e3o do Imposto sobre Produtos Industrializados (IPI), o menor ritmo na oferta de cr\u00e9dito e a restri\u00e7\u00e3o or\u00e7ament\u00e1ria das fam\u00edlias.<\/p>\n<p>Em 2015, o setor acumula uma queda de 16% nas vendas, a maior entre todas as atividades pesquisadas. O mesmo efeito ocorre no acumulado dos 12 \u00faltimos meses, em que h\u00e1 uma retra\u00e7\u00e3o de 12,6%.<\/p>\n<p>Em abril, na compara\u00e7\u00e3o com o ano anterior, a atividade m\u00f3veis e eletrodom\u00e9sticos apresentou queda de 16%. A atividade de livros, jornais, revistas e papelaria caiu 9,1%, e a de tecidos, vestu\u00e1rio e cal\u00e7ados apresentou retra\u00e7\u00e3o de 7,5%.<\/p>\n<p>Em rela\u00e7\u00e3o a abril de 2015, dois setores tiveram resultados positivos. Artigos farmac\u00eauticos, m\u00e9dicos, ortop\u00e9dicos e de perfumaria tiveram alta de 6,2%, e os equipamentos e materiais para escrit\u00f3rio inform\u00e1tica e comunica\u00e7\u00e3o subiram 2,7%.<\/p>\n<p>Vin\u00edcius Lisboa &#8211; Rep\u00f3rter da Ag\u00eancia Brasil<br \/>\nEdi\u00e7\u00e3o: Marcos Chagas<\/p>\n","protected":false},"excerpt":{"rendered":"<p>O volume de vendas do setor automotivo caiu 19,5% em abril na compara\u00e7\u00e3o com o mesmo per\u00edodo do ano passado, divulgou o Instituto Brasileiro de Geografia e Estat\u00edstica (IBGE). Apesar disso, segundo a Pesquisa Mensal do Com\u00e9rcio, o grupamento de atividades \u2013 ve\u00edculos e motos, partes e pe\u00e7as \u2013 teve alta de 4,4% em rela\u00e7\u00e3o [&hellip;]<\/p>\n","protected":false},"author":2,"featured_media":57583,"comment_status":"open","ping_status":"closed","sticky":false,"template":"","format":"standard","meta":{"_genesis_hide_title":false,"_genesis_hide_breadcrumbs":false,"_genesis_hide_singular_image":false,"_genesis_hide_footer_widgets":false,"_genesis_custom_body_class":"","_genesis_custom_post_class":"","_genesis_layout":"","_jetpack_memberships_contains_paid_content":false,"footnotes":""},"categories":[22,7],"tags":[],"class_list":{"0":"post-71371","1":"post","2":"type-post","3":"status-publish","4":"format-standard","5":"has-post-thumbnail","7":"category-brasil","8":"category-economia","9":"entry","10":"gs-1","11":"gs-odd","12":"gs-even","13":"gs-featured-content-entry"},"jetpack_featured_media_url":"https:\/\/www.redenoticia.com.br\/noticia\/imagens\/economia-grafico.jpg","jetpack_sharing_enabled":true,"jetpack_likes_enabled":true,"_links":{"self":[{"href":"https:\/\/www.redenoticia.com.br\/noticia\/wp-json\/wp\/v2\/posts\/71371","targetHints":{"allow":["GET"]}}],"collection":[{"href":"https:\/\/www.redenoticia.com.br\/noticia\/wp-json\/wp\/v2\/posts"}],"about":[{"href":"https:\/\/www.redenoticia.com.br\/noticia\/wp-json\/wp\/v2\/types\/post"}],"author":[{"embeddable":true,"href":"https:\/\/www.redenoticia.com.br\/noticia\/wp-json\/wp\/v2\/users\/2"}],"replies":[{"embeddable":true,"href":"https:\/\/www.redenoticia.com.br\/noticia\/wp-json\/wp\/v2\/comments?post=71371"}],"version-history":[{"count":0,"href":"https:\/\/www.redenoticia.com.br\/noticia\/wp-json\/wp\/v2\/posts\/71371\/revisions"}],"wp:featuredmedia":[{"embeddable":true,"href":"https:\/\/www.redenoticia.com.br\/noticia\/wp-json\/wp\/v2\/media\/57583"}],"wp:attachment":[{"href":"https:\/\/www.redenoticia.com.br\/noticia\/wp-json\/wp\/v2\/media?parent=71371"}],"wp:term":[{"taxonomy":"category","embeddable":true,"href":"https:\/\/www.redenoticia.com.br\/noticia\/wp-json\/wp\/v2\/categories?post=71371"},{"taxonomy":"post_tag","embeddable":true,"href":"https:\/\/www.redenoticia.com.br\/noticia\/wp-json\/wp\/v2\/tags?post=71371"}],"curies":[{"name":"wp","href":"https:\/\/api.w.org\/{rel}","templated":true}]}}