{"id":71365,"date":"2015-06-16T17:01:44","date_gmt":"2015-06-16T20:01:44","guid":{"rendered":"http:\/\/www.redenoticia.com.br\/noticia\/?p=71365"},"modified":"2015-06-16T17:01:44","modified_gmt":"2015-06-16T20:01:44","slug":"sao-paulo-amplia-vacinacao-contra-a-gripe","status":"publish","type":"post","link":"https:\/\/www.redenoticia.com.br\/noticia\/2015\/sao-paulo-amplia-vacinacao-contra-a-gripe\/71365","title":{"rendered":"S\u00e3o Paulo amplia vacina\u00e7\u00e3o contra a gripe"},"content":{"rendered":"<p> A Secretaria de Estado da Sa\u00fade de S\u00e3o Paulo decidiu ampliar a <strong><em>vacina\u00e7\u00e3o contra a gripe<\/em><\/strong> para professores e servidores da educa\u00e7\u00e3o, policiais militares e carteiros. Eles dever\u00e3o ir a uma unidade b\u00e1sica de sa\u00fade at\u00e9 o pr\u00f3ximo dia 26 para tomar a vacina contra o v\u00edrus Influenza, causador da gripe.<\/p>\n<p>Segundo balan\u00e7o divulgado, desde o in\u00edcio da campanha foram imunizadas 8.497.502 pessoas dos grupos priorit\u00e1rios (crian\u00e7as com idade entre 6 e menos de 5 anos, gestantes, idosos com 60 anos ou mais; pu\u00e9rperas \u2013 mulheres at\u00e9 45 dias ap\u00f3s o parto -, ind\u00edgenas e trabalhadores da sa\u00fade; pacientes diagnosticados com doen\u00e7a cr\u00f4nica e pessoas do sistema prisional).<\/p>\n<p>A meta da secretaria era imunizar 11,8 milh\u00f5es de pessoas ou 80% das 14,7 milh\u00f5es de pessoas que comp\u00f5em o p\u00fablico-alvo &#8211; que ainda podem, at\u00e9 o dia 26, comparecer a uma unidade de sa\u00fade para ser vacinadas.<\/p>\n<p>\u201cA vacina, al\u00e9m de imunizar a popula\u00e7\u00e3o contra a gripe A H1N1, protege de outros dois tipos do v\u00edrus Influenza, o A (H3N2) e o B\u201d, destaca a diretora de Imuniza\u00e7\u00e3o da secretaria, Helena Sato.<\/p>\n<p>Bruno Bocchini &#8211; Rep\u00f3rter da Ag\u00eancia Brasil<br \/>\nEdi\u00e7\u00e3o: Beto Coura<\/p>\n","protected":false},"excerpt":{"rendered":"<p>A Secretaria de Estado da Sa\u00fade de S\u00e3o Paulo decidiu ampliar a vacina\u00e7\u00e3o contra a gripe para professores e servidores da educa\u00e7\u00e3o, policiais militares e carteiros. Eles dever\u00e3o ir a uma unidade b\u00e1sica de sa\u00fade at\u00e9 o pr\u00f3ximo dia 26 para tomar a vacina contra o v\u00edrus Influenza, causador da gripe. Segundo balan\u00e7o divulgado, desde [&hellip;]<\/p>\n","protected":false},"author":2,"featured_media":34747,"comment_status":"open","ping_status":"closed","sticky":false,"template":"","format":"standard","meta":{"_genesis_hide_title":false,"_genesis_hide_breadcrumbs":false,"_genesis_hide_singular_image":false,"_genesis_hide_footer_widgets":false,"_genesis_custom_body_class":"","_genesis_custom_post_class":"","_genesis_layout":"","_jetpack_memberships_contains_paid_content":false,"footnotes":""},"categories":[22],"tags":[],"class_list":{"0":"post-71365","1":"post","2":"type-post","3":"status-publish","4":"format-standard","5":"has-post-thumbnail","7":"category-brasil","8":"entry","9":"gs-1","10":"gs-odd","11":"gs-even","12":"gs-featured-content-entry"},"jetpack_featured_media_url":"https:\/\/www.redenoticia.com.br\/noticia\/imagens\/vacina1.jpg","jetpack_sharing_enabled":true,"jetpack_likes_enabled":true,"_links":{"self":[{"href":"https:\/\/www.redenoticia.com.br\/noticia\/wp-json\/wp\/v2\/posts\/71365","targetHints":{"allow":["GET"]}}],"collection":[{"href":"https:\/\/www.redenoticia.com.br\/noticia\/wp-json\/wp\/v2\/posts"}],"about":[{"href":"https:\/\/www.redenoticia.com.br\/noticia\/wp-json\/wp\/v2\/types\/post"}],"author":[{"embeddable":true,"href":"https:\/\/www.redenoticia.com.br\/noticia\/wp-json\/wp\/v2\/users\/2"}],"replies":[{"embeddable":true,"href":"https:\/\/www.redenoticia.com.br\/noticia\/wp-json\/wp\/v2\/comments?post=71365"}],"version-history":[{"count":0,"href":"https:\/\/www.redenoticia.com.br\/noticia\/wp-json\/wp\/v2\/posts\/71365\/revisions"}],"wp:featuredmedia":[{"embeddable":true,"href":"https:\/\/www.redenoticia.com.br\/noticia\/wp-json\/wp\/v2\/media\/34747"}],"wp:attachment":[{"href":"https:\/\/www.redenoticia.com.br\/noticia\/wp-json\/wp\/v2\/media?parent=71365"}],"wp:term":[{"taxonomy":"category","embeddable":true,"href":"https:\/\/www.redenoticia.com.br\/noticia\/wp-json\/wp\/v2\/categories?post=71365"},{"taxonomy":"post_tag","embeddable":true,"href":"https:\/\/www.redenoticia.com.br\/noticia\/wp-json\/wp\/v2\/tags?post=71365"}],"curies":[{"name":"wp","href":"https:\/\/api.w.org\/{rel}","templated":true}]}}