{"id":71329,"date":"2015-06-15T15:57:08","date_gmt":"2015-06-15T18:57:08","guid":{"rendered":"http:\/\/www.redenoticia.com.br\/noticia\/?p=71329"},"modified":"2015-06-15T15:57:08","modified_gmt":"2015-06-15T18:57:08","slug":"inadimplencia-do-consumidor-tem-a-maior-alta-do-ano-revela-serasa-experian","status":"publish","type":"post","link":"https:\/\/www.redenoticia.com.br\/noticia\/2015\/inadimplencia-do-consumidor-tem-a-maior-alta-do-ano-revela-serasa-experian\/71329","title":{"rendered":"Inadimpl\u00eancia do consumidor tem a maior alta do ano, revela Serasa Experian"},"content":{"rendered":"<p> O Indicador Serasa Experian de <strong><em>Inadimpl\u00eancia do Consumidor<\/em><\/strong> registrou, em maio de 2015, o maior crescimento mensal do ano, com alta de 4,8% em rela\u00e7\u00e3o ao m\u00eas anterior (abril\/15). As varia\u00e7\u00f5es mensais dos meses anteriores foram: abril\/15 (1,8%); mar\u00e7o\/15 (0,2%); fevereiro\/15 (-0,9%) e janeiro\/15 (4,1%). Na rela\u00e7\u00e3o interanual \u2013 maio de 2015 x maio de 2014 \u2013 o indicador cresceu 14,9%. Nos primeiros cinco meses do ano, o indicador tamb\u00e9m subiu 14,9%, na compara\u00e7\u00e3o com o mesmo per\u00edodo do ano anterior.<\/p>\n<p>Segundo os economistas da Serasa Experian, a eleva\u00e7\u00e3o das taxas de desemprego, o peso da infla\u00e7\u00e3o mais alta no bolso do consumidor e os juros cada vez maiores incidentes sobre as d\u00edvidas est\u00e3o dificultando a situa\u00e7\u00e3o financeira do consumidor, impulsionando para cima os n\u00edveis de inadimpl\u00eancia.<\/p>\n<p>Na decomposi\u00e7\u00e3o do indicador, as d\u00edvidas com os bancos foram as principais respons\u00e1veis pela alta do indicador em maio, com aumento de 5,5% e contribui\u00e7\u00e3o de 2,6 p.p. J\u00e1 a inadimpl\u00eancia n\u00e3o banc\u00e1ria (junto aos cart\u00f5es de cr\u00e9dito, financeiras, lojas em geral e prestadoras de servi\u00e7os como telefonia e fornecimento de energia el\u00e9trica, \u00e1gua etc.) apresentou alta de 4,9% e contribui\u00e7\u00e3o de 2,3 p. p. em maio\/15. Por fim, os protestos e os cheques sem fundos registraram alta de 6,9% e queda de 2,1%, respectivamente.<\/p>\n<p>Cresce o valor m\u00e9dio das d\u00edvidas n\u00e3o banc\u00e1rias<\/p>\n<p>O valor m\u00e9dio das d\u00edvidas n\u00e3o banc\u00e1rias apresentou alta de 32,6% nos primeiros cinco meses do ano, na compara\u00e7\u00e3o com o mesmo per\u00edodo de 2014. O valor m\u00e9dio dos cheques sem fundos e da inadimpl\u00eancia com os bancos tamb\u00e9m cresceu 10,0% e 0,1%, respectivamente. J\u00e1 o valor m\u00e9dio dos t\u00edtulos protestados registrou queda de 4,7%.<\/p>\n<p>Fonte: Serasa Experian<\/p>\n","protected":false},"excerpt":{"rendered":"<p>O Indicador Serasa Experian de Inadimpl\u00eancia do Consumidor registrou, em maio de 2015, o maior crescimento mensal do ano, com alta de 4,8% em rela\u00e7\u00e3o ao m\u00eas anterior (abril\/15). As varia\u00e7\u00f5es mensais dos meses anteriores foram: abril\/15 (1,8%); mar\u00e7o\/15 (0,2%); fevereiro\/15 (-0,9%) e janeiro\/15 (4,1%). Na rela\u00e7\u00e3o interanual \u2013 maio de 2015 x maio de [&hellip;]<\/p>\n","protected":false},"author":2,"featured_media":57582,"comment_status":"open","ping_status":"closed","sticky":false,"template":"","format":"standard","meta":{"_genesis_hide_title":false,"_genesis_hide_breadcrumbs":false,"_genesis_hide_singular_image":false,"_genesis_hide_footer_widgets":false,"_genesis_custom_body_class":"","_genesis_custom_post_class":"","_genesis_layout":"","_jetpack_memberships_contains_paid_content":false,"footnotes":""},"categories":[22,7],"tags":[],"class_list":{"0":"post-71329","1":"post","2":"type-post","3":"status-publish","4":"format-standard","5":"has-post-thumbnail","7":"category-brasil","8":"category-economia","9":"entry","10":"gs-1","11":"gs-odd","12":"gs-even","13":"gs-featured-content-entry"},"jetpack_featured_media_url":"https:\/\/www.redenoticia.com.br\/noticia\/imagens\/grafico1.jpg","jetpack_sharing_enabled":true,"jetpack_likes_enabled":true,"_links":{"self":[{"href":"https:\/\/www.redenoticia.com.br\/noticia\/wp-json\/wp\/v2\/posts\/71329","targetHints":{"allow":["GET"]}}],"collection":[{"href":"https:\/\/www.redenoticia.com.br\/noticia\/wp-json\/wp\/v2\/posts"}],"about":[{"href":"https:\/\/www.redenoticia.com.br\/noticia\/wp-json\/wp\/v2\/types\/post"}],"author":[{"embeddable":true,"href":"https:\/\/www.redenoticia.com.br\/noticia\/wp-json\/wp\/v2\/users\/2"}],"replies":[{"embeddable":true,"href":"https:\/\/www.redenoticia.com.br\/noticia\/wp-json\/wp\/v2\/comments?post=71329"}],"version-history":[{"count":0,"href":"https:\/\/www.redenoticia.com.br\/noticia\/wp-json\/wp\/v2\/posts\/71329\/revisions"}],"wp:featuredmedia":[{"embeddable":true,"href":"https:\/\/www.redenoticia.com.br\/noticia\/wp-json\/wp\/v2\/media\/57582"}],"wp:attachment":[{"href":"https:\/\/www.redenoticia.com.br\/noticia\/wp-json\/wp\/v2\/media?parent=71329"}],"wp:term":[{"taxonomy":"category","embeddable":true,"href":"https:\/\/www.redenoticia.com.br\/noticia\/wp-json\/wp\/v2\/categories?post=71329"},{"taxonomy":"post_tag","embeddable":true,"href":"https:\/\/www.redenoticia.com.br\/noticia\/wp-json\/wp\/v2\/tags?post=71329"}],"curies":[{"name":"wp","href":"https:\/\/api.w.org\/{rel}","templated":true}]}}