{"id":71327,"date":"2015-06-15T15:54:11","date_gmt":"2015-06-15T18:54:11","guid":{"rendered":"http:\/\/www.redenoticia.com.br\/noticia\/?p=71327"},"modified":"2015-06-15T15:54:11","modified_gmt":"2015-06-15T18:54:11","slug":"campanha-busca-estimular-doacao-regular-de-sangue","status":"publish","type":"post","link":"https:\/\/www.redenoticia.com.br\/noticia\/2015\/campanha-busca-estimular-doacao-regular-de-sangue\/71327","title":{"rendered":"Campanha busca estimular doa\u00e7\u00e3o regular de sangue"},"content":{"rendered":"<p> Dados da Organiza\u00e7\u00e3o Mundial da Sa\u00fade (OMS) indicam que, todos os anos, 108 milh\u00f5es de <strong><em>doa\u00e7\u00f5es de sangue<\/em><\/strong> s\u00e3o feitas em todo o mundo. Metade delas \u00e9 registrada em pa\u00edses de alta renda, onde vivem apenas 18% da popula\u00e7\u00e3o mundial. No Brasil, a doa\u00e7\u00e3o de sangue \u00e9 feita por meio dos servi\u00e7os de hemoterapia p\u00fablicos e privados, onde s\u00e3o contabilizadas cerca de 3,7 milh\u00f5es de coletas ao ano.<\/p>\n<p>No Dia Mundial do Doador de Sangue, 14 de junho, a OMS lan\u00e7ou a campanha Obrigado por Salvar Minha Vida. A ideia \u00e9 incentivar as pessoas que j\u00e1 doam sangue a se tornarem doadores regulares e os que nunca doaram a doar pela primeira vez. Desde 2004, houve um aumento de 25% nas doa\u00e7\u00f5es de sangue em todo o mundo.<\/p>\n<p> Podem doar sangue pessoas com idade entre 16 e 69 anos (no caso de menores, mediante consentimento formal do respons\u00e1vel legal) que pesem acima de 50 quilos e gozem de boa sa\u00fade, sem fazer uso de nenhum tipo de medicamento. \u00c9 preciso apresentar um documento oficial com foto em bom estado de conserva\u00e7\u00e3o.<\/p>\n<p>Antes de fazer a coleta, \u00e9 importante estar bem alimentado, ter dormido pelo menos seis horas na noite anterior, n\u00e3o praticar exerc\u00edcios f\u00edsicos ou ingerir bebida alco\u00f3lica nas 12 horas que antecedem o procedimento. No caso de fumantes, a recomenda\u00e7\u00e3o \u00e9 n\u00e3o fumar duas horas antes da doa\u00e7\u00e3o. Quem tem tatuagem, piercing ou maquiagem definitiva deve aguardar 12 meses ap\u00f3s o procedimento para se tornar doador.<\/p>\n<p>Por Paula Laboissi\u00e8re Edi\u00e7\u00e3o:N\u00e1dia Franco<br \/>\nFonte:Ag\u00eancia Brasil<\/p>\n","protected":false},"excerpt":{"rendered":"<p>Dados da Organiza\u00e7\u00e3o Mundial da Sa\u00fade (OMS) indicam que, todos os anos, 108 milh\u00f5es de doa\u00e7\u00f5es de sangue s\u00e3o feitas em todo o mundo. Metade delas \u00e9 registrada em pa\u00edses de alta renda, onde vivem apenas 18% da popula\u00e7\u00e3o mundial. No Brasil, a doa\u00e7\u00e3o de sangue \u00e9 feita por meio dos servi\u00e7os de hemoterapia p\u00fablicos [&hellip;]<\/p>\n","protected":false},"author":2,"featured_media":18520,"comment_status":"open","ping_status":"closed","sticky":false,"template":"","format":"standard","meta":{"_genesis_hide_title":false,"_genesis_hide_breadcrumbs":false,"_genesis_hide_singular_image":false,"_genesis_hide_footer_widgets":false,"_genesis_custom_body_class":"","_genesis_custom_post_class":"","_genesis_layout":"","_jetpack_memberships_contains_paid_content":false,"footnotes":""},"categories":[22],"tags":[],"class_list":{"0":"post-71327","1":"post","2":"type-post","3":"status-publish","4":"format-standard","5":"has-post-thumbnail","7":"category-brasil","8":"entry","9":"gs-1","10":"gs-odd","11":"gs-even","12":"gs-featured-content-entry"},"jetpack_featured_media_url":"https:\/\/www.redenoticia.com.br\/noticia\/imagens\/doa\u00e7\u00e3o-de-sangue.jpg","jetpack_sharing_enabled":true,"jetpack_likes_enabled":true,"_links":{"self":[{"href":"https:\/\/www.redenoticia.com.br\/noticia\/wp-json\/wp\/v2\/posts\/71327","targetHints":{"allow":["GET"]}}],"collection":[{"href":"https:\/\/www.redenoticia.com.br\/noticia\/wp-json\/wp\/v2\/posts"}],"about":[{"href":"https:\/\/www.redenoticia.com.br\/noticia\/wp-json\/wp\/v2\/types\/post"}],"author":[{"embeddable":true,"href":"https:\/\/www.redenoticia.com.br\/noticia\/wp-json\/wp\/v2\/users\/2"}],"replies":[{"embeddable":true,"href":"https:\/\/www.redenoticia.com.br\/noticia\/wp-json\/wp\/v2\/comments?post=71327"}],"version-history":[{"count":0,"href":"https:\/\/www.redenoticia.com.br\/noticia\/wp-json\/wp\/v2\/posts\/71327\/revisions"}],"wp:featuredmedia":[{"embeddable":true,"href":"https:\/\/www.redenoticia.com.br\/noticia\/wp-json\/wp\/v2\/media\/18520"}],"wp:attachment":[{"href":"https:\/\/www.redenoticia.com.br\/noticia\/wp-json\/wp\/v2\/media?parent=71327"}],"wp:term":[{"taxonomy":"category","embeddable":true,"href":"https:\/\/www.redenoticia.com.br\/noticia\/wp-json\/wp\/v2\/categories?post=71327"},{"taxonomy":"post_tag","embeddable":true,"href":"https:\/\/www.redenoticia.com.br\/noticia\/wp-json\/wp\/v2\/tags?post=71327"}],"curies":[{"name":"wp","href":"https:\/\/api.w.org\/{rel}","templated":true}]}}