{"id":71230,"date":"2015-06-12T01:29:25","date_gmt":"2015-06-12T04:29:25","guid":{"rendered":"http:\/\/www.redenoticia.com.br\/noticia\/?p=71230"},"modified":"2015-06-11T18:34:59","modified_gmt":"2015-06-11T21:34:59","slug":"ipem-sp-encontra-irregularidades-em-produtos-para-festas-juninas","status":"publish","type":"post","link":"https:\/\/www.redenoticia.com.br\/noticia\/2015\/ipem-sp-encontra-irregularidades-em-produtos-para-festas-juninas\/71230","title":{"rendered":"Ipem-SP encontra irregularidades em produtos para festas juninas"},"content":{"rendered":"<p>De 62 produtos t\u00edpicos de <strong><em>festas juninas<\/em><\/strong> avaliados pelo Ipem-SP (Instituto de Pesos e Medidas do Estado de S\u00e3o Paulo) nesta quarta-feira, 10, 39% apresentaram irregularidades. A fiscaliza\u00e7\u00e3o foi feita na capital e nos munic\u00edpios de Bauru, S\u00e3o Carlos, S\u00e3o Jos\u00e9 dos Campos, S\u00e3o Jos\u00e9 do Rio Preto e Ribeir\u00e3o Preto.<\/p>\n<p>Batizada de &#8220;Pulando a Fogueira&#8221;, a opera\u00e7\u00e3o verificou a fidelidade das indica\u00e7\u00f5es de quantidade, peso ou volume nas embalagens de pa\u00e7ocas, p\u00e9-de-moleque, vinho, cacha\u00e7a, milho para pipoca, itens de decora\u00e7\u00e3o e fogos de pequena pot\u00eancia (biriba, estalo, traque e f\u00f3sforo de cor).<\/p>\n<p>As empresas autuadas pelo Ipem-SP t\u00eam dez dias para apresentar defesa ao \u00f3rg\u00e3o. No caso de produtos pr\u00e9-medidos, as multas podem variar de R$ 640 a R$ 30 mil, dobrando na reincid\u00eancia. Veja  o resultado da opera\u00e7\u00e3o na \u00edntegra.<\/p>\n<p>Do Portal do Governo do Estado SP<\/p>\n<p>&#8212;<br \/>\nEm fevereiro de 1967 o Governo Federal resolve delinear a pol\u00edtica metrol\u00f3gica para todo o pa\u00eds, e regulamentar as atribui\u00e7\u00f5es do ent\u00e3o Instituto Nacional de Pesos e Medidas &#8211; INPM, atrav\u00e9s do Decreto-Lei n\u00ba 240 daquele ano. Uma das diretrizes dessa pol\u00edtica era a cria\u00e7\u00e3o dos \u00f3rg\u00e3os estaduais delegados do INPM.<br \/>\nNa esteira dessa pol\u00edtica foi criado, pelo o Decreto Estadual n\u00ba 47.927 de 24 de abril de 1967, no mandato do governador Roberto Costa de Abreu Sodr\u00e9, o Instituto de Pesos e Medidas do Estado de S\u00e3o Paulo \u2013 IPEM-SP, ainda vinculado \u00e0 Secretaria do Trabalho, Ind\u00fastria e Com\u00e9rcio, com a finalidade de executar, nos termos da delega\u00e7\u00e3o do INPM, os servi\u00e7os t\u00e9cnico-administrativos de pesos e medidas.<\/p>\n","protected":false},"excerpt":{"rendered":"<p>De 62 produtos t\u00edpicos de festas juninas avaliados pelo Ipem-SP (Instituto de Pesos e Medidas do Estado de S\u00e3o Paulo) nesta quarta-feira, 10, 39% apresentaram irregularidades. A fiscaliza\u00e7\u00e3o foi feita na capital e nos munic\u00edpios de Bauru, S\u00e3o Carlos, S\u00e3o Jos\u00e9 dos Campos, S\u00e3o Jos\u00e9 do Rio Preto e Ribeir\u00e3o Preto. Batizada de &#8220;Pulando a [&hellip;]<\/p>\n","protected":false},"author":2,"featured_media":28093,"comment_status":"open","ping_status":"closed","sticky":false,"template":"","format":"standard","meta":{"_genesis_hide_title":false,"_genesis_hide_breadcrumbs":false,"_genesis_hide_singular_image":false,"_genesis_hide_footer_widgets":false,"_genesis_custom_body_class":"","_genesis_custom_post_class":"","_genesis_layout":"","_jetpack_memberships_contains_paid_content":false,"footnotes":""},"categories":[22],"tags":[],"class_list":{"0":"post-71230","1":"post","2":"type-post","3":"status-publish","4":"format-standard","5":"has-post-thumbnail","7":"category-brasil","8":"entry","9":"gs-1","10":"gs-odd","11":"gs-even","12":"gs-featured-content-entry"},"jetpack_featured_media_url":"https:\/\/www.redenoticia.com.br\/noticia\/imagens\/festa-junina-receitas.jpg","jetpack_sharing_enabled":true,"jetpack_likes_enabled":true,"_links":{"self":[{"href":"https:\/\/www.redenoticia.com.br\/noticia\/wp-json\/wp\/v2\/posts\/71230","targetHints":{"allow":["GET"]}}],"collection":[{"href":"https:\/\/www.redenoticia.com.br\/noticia\/wp-json\/wp\/v2\/posts"}],"about":[{"href":"https:\/\/www.redenoticia.com.br\/noticia\/wp-json\/wp\/v2\/types\/post"}],"author":[{"embeddable":true,"href":"https:\/\/www.redenoticia.com.br\/noticia\/wp-json\/wp\/v2\/users\/2"}],"replies":[{"embeddable":true,"href":"https:\/\/www.redenoticia.com.br\/noticia\/wp-json\/wp\/v2\/comments?post=71230"}],"version-history":[{"count":0,"href":"https:\/\/www.redenoticia.com.br\/noticia\/wp-json\/wp\/v2\/posts\/71230\/revisions"}],"wp:featuredmedia":[{"embeddable":true,"href":"https:\/\/www.redenoticia.com.br\/noticia\/wp-json\/wp\/v2\/media\/28093"}],"wp:attachment":[{"href":"https:\/\/www.redenoticia.com.br\/noticia\/wp-json\/wp\/v2\/media?parent=71230"}],"wp:term":[{"taxonomy":"category","embeddable":true,"href":"https:\/\/www.redenoticia.com.br\/noticia\/wp-json\/wp\/v2\/categories?post=71230"},{"taxonomy":"post_tag","embeddable":true,"href":"https:\/\/www.redenoticia.com.br\/noticia\/wp-json\/wp\/v2\/tags?post=71230"}],"curies":[{"name":"wp","href":"https:\/\/api.w.org\/{rel}","templated":true}]}}