{"id":71209,"date":"2015-06-11T10:58:28","date_gmt":"2015-06-11T13:58:28","guid":{"rendered":"http:\/\/www.redenoticia.com.br\/noticia\/?p=71209"},"modified":"2015-06-11T10:58:28","modified_gmt":"2015-06-11T13:58:28","slug":"juros-do-cartao-de-credito-atingem-maior-nivel-em-16-anos-mostra-anefac","status":"publish","type":"post","link":"https:\/\/www.redenoticia.com.br\/noticia\/2015\/juros-do-cartao-de-credito-atingem-maior-nivel-em-16-anos-mostra-anefac\/71209","title":{"rendered":"Juros do cart\u00e3o de cr\u00e9dito atingem maior n\u00edvel em 16 anos, mostra Anefac"},"content":{"rendered":"<p> Ter a d\u00edvida multiplicada por quatro em um ano \u2013 esta \u00e9 a realidade de quem entrou no <strong><em>cr\u00e9dito rotativo do cart\u00e3o<\/em><\/strong>. Segundo levantamento divulgado pela Associa\u00e7\u00e3o Nacional dos Executivos de Finan\u00e7as (Anefac), os juros do cart\u00e3o de cr\u00e9dito passaram de 295,48% ao ano em abril para 304,03% em maio.<\/p>\n<p>A taxa est\u00e1 no maior n\u00edvel desde mar\u00e7o de 1999, quando havia atingido 354,63% ao ano. Assim, quem tem uma d\u00edvida de R$ 1 mil no cart\u00e3o de cr\u00e9dito e n\u00e3o consegue quitar o d\u00e9bito encerra os 12 meses seguintes devendo R$ 4.040,30.<\/p>\n<p>Os juros do cheque especial subiram de 205,06% ao ano em abril para 210,44% ao ano em maio, atingindo o maior n\u00edvel desde janeiro de 2003 (220,06% ao ano). Pela conta, quem entra no cheque especial devendo R$ 1 mil chega ao fim dos 12 meses seguintes com uma d\u00edvida de R$ 3.104,40.<\/p>\n<p>As taxas das demais modalidades de cr\u00e9dito para pessoa f\u00edsica tamb\u00e9m aumentaram no m\u00eas passado na compara\u00e7\u00e3o com abril. Os juros m\u00e9dios do com\u00e9rcio subiram de 82,90% para 83,94% ao ano. As taxas m\u00e9dias dos financiamentos de autom\u00f3veis na modalidade CDC (cr\u00e9dito direto ao consumidor) passaram de 27,27% para 28,02% ao ano. Os juros dos empr\u00e9stimos pessoais de bancos aumentaram de 60,10% para 61,22% ao ano e as taxas dos empr\u00e9stimos de financeiras, de 139,24% para 140,85% ao ano.<\/p>\n<p>De acordo com a Anefac, na m\u00e9dia, os juros do cr\u00e9dito para pessoa f\u00edsica encerraram maio em 6,87% ao m\u00eas (121,96% ao ano), no maior n\u00edvel desde junho de 2010 (122,71% ao ano). A taxa m\u00e9dia do cr\u00e9dito para pessoa jur\u00eddica atingiu 4% ao m\u00eas em maio (60,1% ao ano), no valor mais alto desde julho de 2011 (61,03% ao ano).<\/p>\n<p>Segundo a Anefac, al\u00e9m dos recentes aumentos na Selic (juros b\u00e1sicos da economia), contribu\u00edram para a alta nas taxas finais de cr\u00e9dito o maior risco de inadimpl\u00eancia \u2013 provocado pelo aumento do desemprego \u2013 e a eleva\u00e7\u00e3o, de 15% para 20%, da al\u00edquota da Contribui\u00e7\u00e3o Social sobre o Lucro L\u00edquido das institui\u00e7\u00f5es financeiras. Para a entidade, os juros devem continuar a subir nos pr\u00f3ximos meses por causa do cen\u00e1rio econ\u00f4mico do pa\u00eds, com a alta da infla\u00e7\u00e3o pressionando os juros b\u00e1sicos e o desempenho ruim do mercado de trabalho.<\/p>\n<p>Wellton M\u00e1ximo &#8211; Rep\u00f3rter da Ag\u00eancia Brasil<br \/>\nEdi\u00e7\u00e3o: A\u00e9cio Amado<\/p>\n","protected":false},"excerpt":{"rendered":"<p>Ter a d\u00edvida multiplicada por quatro em um ano \u2013 esta \u00e9 a realidade de quem entrou no cr\u00e9dito rotativo do cart\u00e3o. Segundo levantamento divulgado pela Associa\u00e7\u00e3o Nacional dos Executivos de Finan\u00e7as (Anefac), os juros do cart\u00e3o de cr\u00e9dito passaram de 295,48% ao ano em abril para 304,03% em maio. A taxa est\u00e1 no maior [&hellip;]<\/p>\n","protected":false},"author":2,"featured_media":38940,"comment_status":"open","ping_status":"closed","sticky":false,"template":"","format":"standard","meta":{"_genesis_hide_title":false,"_genesis_hide_breadcrumbs":false,"_genesis_hide_singular_image":false,"_genesis_hide_footer_widgets":false,"_genesis_custom_body_class":"","_genesis_custom_post_class":"","_genesis_layout":"","_jetpack_memberships_contains_paid_content":false,"footnotes":""},"categories":[22,7],"tags":[],"class_list":{"0":"post-71209","1":"post","2":"type-post","3":"status-publish","4":"format-standard","5":"has-post-thumbnail","7":"category-brasil","8":"category-economia","9":"entry","10":"gs-1","11":"gs-odd","12":"gs-even","13":"gs-featured-content-entry"},"jetpack_featured_media_url":"https:\/\/www.redenoticia.com.br\/noticia\/imagens\/grafico.jpg","jetpack_sharing_enabled":true,"jetpack_likes_enabled":true,"_links":{"self":[{"href":"https:\/\/www.redenoticia.com.br\/noticia\/wp-json\/wp\/v2\/posts\/71209","targetHints":{"allow":["GET"]}}],"collection":[{"href":"https:\/\/www.redenoticia.com.br\/noticia\/wp-json\/wp\/v2\/posts"}],"about":[{"href":"https:\/\/www.redenoticia.com.br\/noticia\/wp-json\/wp\/v2\/types\/post"}],"author":[{"embeddable":true,"href":"https:\/\/www.redenoticia.com.br\/noticia\/wp-json\/wp\/v2\/users\/2"}],"replies":[{"embeddable":true,"href":"https:\/\/www.redenoticia.com.br\/noticia\/wp-json\/wp\/v2\/comments?post=71209"}],"version-history":[{"count":0,"href":"https:\/\/www.redenoticia.com.br\/noticia\/wp-json\/wp\/v2\/posts\/71209\/revisions"}],"wp:featuredmedia":[{"embeddable":true,"href":"https:\/\/www.redenoticia.com.br\/noticia\/wp-json\/wp\/v2\/media\/38940"}],"wp:attachment":[{"href":"https:\/\/www.redenoticia.com.br\/noticia\/wp-json\/wp\/v2\/media?parent=71209"}],"wp:term":[{"taxonomy":"category","embeddable":true,"href":"https:\/\/www.redenoticia.com.br\/noticia\/wp-json\/wp\/v2\/categories?post=71209"},{"taxonomy":"post_tag","embeddable":true,"href":"https:\/\/www.redenoticia.com.br\/noticia\/wp-json\/wp\/v2\/tags?post=71209"}],"curies":[{"name":"wp","href":"https:\/\/api.w.org\/{rel}","templated":true}]}}