{"id":71207,"date":"2015-06-11T10:51:24","date_gmt":"2015-06-11T13:51:24","guid":{"rendered":"http:\/\/www.redenoticia.com.br\/noticia\/?p=71207"},"modified":"2015-06-11T10:51:24","modified_gmt":"2015-06-11T13:51:24","slug":"capacidade-de-estoque-agricola-cai-26-no-segundo-semestre-de-2014","status":"publish","type":"post","link":"https:\/\/www.redenoticia.com.br\/noticia\/2015\/capacidade-de-estoque-agricola-cai-26-no-segundo-semestre-de-2014\/71207","title":{"rendered":"Capacidade de estoque agr\u00edcola cai 2,6% no segundo semestre de 2014"},"content":{"rendered":"<p> A <strong><em>capacidade de armazenagem agr\u00edcola<\/em><\/strong> instalada no Brasil ficou em 159,3 milh\u00f5es de toneladas no segundo semestre de 2014, queda de 2,6% em rela\u00e7\u00e3o ao semestre anterior. O dado est\u00e1 na Pesquisa de Estoques do Instituto Brasileiro de Geografia e Estat\u00edstica (IBGE).<\/p>\n<p>De acordo com o IBGE, a queda da capacidade de estoque agr\u00edcola deve-se a uma redu\u00e7\u00e3o de 13,8% do n\u00famero de estabelecimentos ativos na rede armazenadora do pa\u00eds. No segundo semestre do ano passado, havia 7.927 estabelecimentos ativos (entre silos, armaz\u00e9ns graneleiros e armaz\u00e9ns convencionais ou infl\u00e1veis).<\/p>\n<p>Em 31 de dezembro de 2014, estavam estocados no pa\u00eds 25,5 milh\u00f5es de toneladas, sendo a maior parte milho (11,2 milh\u00f5es), devido \u00e0 grande colheita na segunda safra do produto. Outro produto com volume estocado consider\u00e1vel naquela data era o trigo em gr\u00e3o (5,87 milh\u00f5es).<\/p>\n<p>Em rela\u00e7\u00e3o a 31 de dezembro de 2013, houve aumentos de 22,7% no estoque de trigo, 16,8% no de soja, 15,6% no de milho e 0,6% no de arroz. O caf\u00e9 teve uma queda de 9,7% em seus estoques de um ano para outro.<\/p>\n<p>Vitor Abdala \u2013 Rep\u00f3rter da Ag\u00eancia Brasil<br \/>\nEdi\u00e7\u00e3o: Jos\u00e9 Romildo<\/p>\n","protected":false},"excerpt":{"rendered":"<p>A capacidade de armazenagem agr\u00edcola instalada no Brasil ficou em 159,3 milh\u00f5es de toneladas no segundo semestre de 2014, queda de 2,6% em rela\u00e7\u00e3o ao semestre anterior. O dado est\u00e1 na Pesquisa de Estoques do Instituto Brasileiro de Geografia e Estat\u00edstica (IBGE). De acordo com o IBGE, a queda da capacidade de estoque agr\u00edcola deve-se [&hellip;]<\/p>\n","protected":false},"author":2,"featured_media":57585,"comment_status":"open","ping_status":"closed","sticky":false,"template":"","format":"standard","meta":{"_genesis_hide_title":false,"_genesis_hide_breadcrumbs":false,"_genesis_hide_singular_image":false,"_genesis_hide_footer_widgets":false,"_genesis_custom_body_class":"","_genesis_custom_post_class":"","_genesis_layout":"","_jetpack_memberships_contains_paid_content":false,"footnotes":""},"categories":[22,7],"tags":[],"class_list":{"0":"post-71207","1":"post","2":"type-post","3":"status-publish","4":"format-standard","5":"has-post-thumbnail","7":"category-brasil","8":"category-economia","9":"entry","10":"gs-1","11":"gs-odd","12":"gs-even","13":"gs-featured-content-entry"},"jetpack_featured_media_url":"https:\/\/www.redenoticia.com.br\/noticia\/imagens\/analise-economia.jpg","jetpack_sharing_enabled":true,"jetpack_likes_enabled":true,"_links":{"self":[{"href":"https:\/\/www.redenoticia.com.br\/noticia\/wp-json\/wp\/v2\/posts\/71207","targetHints":{"allow":["GET"]}}],"collection":[{"href":"https:\/\/www.redenoticia.com.br\/noticia\/wp-json\/wp\/v2\/posts"}],"about":[{"href":"https:\/\/www.redenoticia.com.br\/noticia\/wp-json\/wp\/v2\/types\/post"}],"author":[{"embeddable":true,"href":"https:\/\/www.redenoticia.com.br\/noticia\/wp-json\/wp\/v2\/users\/2"}],"replies":[{"embeddable":true,"href":"https:\/\/www.redenoticia.com.br\/noticia\/wp-json\/wp\/v2\/comments?post=71207"}],"version-history":[{"count":0,"href":"https:\/\/www.redenoticia.com.br\/noticia\/wp-json\/wp\/v2\/posts\/71207\/revisions"}],"wp:featuredmedia":[{"embeddable":true,"href":"https:\/\/www.redenoticia.com.br\/noticia\/wp-json\/wp\/v2\/media\/57585"}],"wp:attachment":[{"href":"https:\/\/www.redenoticia.com.br\/noticia\/wp-json\/wp\/v2\/media?parent=71207"}],"wp:term":[{"taxonomy":"category","embeddable":true,"href":"https:\/\/www.redenoticia.com.br\/noticia\/wp-json\/wp\/v2\/categories?post=71207"},{"taxonomy":"post_tag","embeddable":true,"href":"https:\/\/www.redenoticia.com.br\/noticia\/wp-json\/wp\/v2\/tags?post=71207"}],"curies":[{"name":"wp","href":"https:\/\/api.w.org\/{rel}","templated":true}]}}