{"id":71205,"date":"2015-06-11T10:49:19","date_gmt":"2015-06-11T13:49:19","guid":{"rendered":"http:\/\/www.redenoticia.com.br\/noticia\/?p=71205"},"modified":"2015-06-11T10:49:19","modified_gmt":"2015-06-11T13:49:19","slug":"com-previa-de-junho-igp-m-acumula-alta-de-538-em-12-meses","status":"publish","type":"post","link":"https:\/\/www.redenoticia.com.br\/noticia\/2015\/com-previa-de-junho-igp-m-acumula-alta-de-538-em-12-meses\/71205","title":{"rendered":"Com pr\u00e9via de junho, IGP-M acumula alta de 5,38% em 12 meses"},"content":{"rendered":"<p> O \u00cdndice Geral de Pre\u00e7os &#8211; Mercado (<strong><em>IGP-M<\/em><\/strong>), usado no reajuste de contratos de aluguel, teve infla\u00e7\u00e3o de 0,47% na primeira pr\u00e9via de junho. Segundo a Funda\u00e7\u00e3o Getulio Vargas (FGV), com o resultado da pr\u00e9via de junho, o IGP-M acumula alta de 5,38% em 12 meses.<\/p>\n<p>A taxa de 0,47% registrada na primeira pr\u00e9via de junho \u00e9 inferior \u00e0 de 0,51% observada na primeira pr\u00e9via de maio. A queda da taxa foi provocada pela redu\u00e7\u00e3o da infla\u00e7\u00e3o do sub\u00edndice de Pre\u00e7os ao Produtor Amplo, que analisa o atacado, de 0,56% em maio, para 0,35% em junho.<\/p>\n<p>Por outro lado, os pre\u00e7os no varejo e o custo da constru\u00e7\u00e3o tiveram alta da taxa de infla\u00e7\u00e3o na passagem de maio para junho. Os pre\u00e7os do varejo, medidos pelo sub\u00edndice de Pre\u00e7os ao Consumidor, registraram infla\u00e7\u00e3o de 0,6% na pr\u00e9via de junho. Em maio, o \u00edndice foi 0,47%.<\/p>\n<p>O sub\u00edndice de Custo da Constru\u00e7\u00e3o passou de uma infla\u00e7\u00e3o de 0,27% em maio para uma taxa de 0,9% em junho.<\/p>\n<p>Vitor Abdala &#8211; Rep\u00f3rter da Ag\u00eancia Brasil<br \/>\nEdi\u00e7\u00e3o: Gra\u00e7a Adjuto<\/p>\n","protected":false},"excerpt":{"rendered":"<p>O \u00cdndice Geral de Pre\u00e7os &#8211; Mercado (IGP-M), usado no reajuste de contratos de aluguel, teve infla\u00e7\u00e3o de 0,47% na primeira pr\u00e9via de junho. Segundo a Funda\u00e7\u00e3o Getulio Vargas (FGV), com o resultado da pr\u00e9via de junho, o IGP-M acumula alta de 5,38% em 12 meses. A taxa de 0,47% registrada na primeira pr\u00e9via de [&hellip;]<\/p>\n","protected":false},"author":2,"featured_media":57583,"comment_status":"open","ping_status":"closed","sticky":false,"template":"","format":"standard","meta":{"_genesis_hide_title":false,"_genesis_hide_breadcrumbs":false,"_genesis_hide_singular_image":false,"_genesis_hide_footer_widgets":false,"_genesis_custom_body_class":"","_genesis_custom_post_class":"","_genesis_layout":"","_jetpack_memberships_contains_paid_content":false,"footnotes":""},"categories":[22,7],"tags":[],"class_list":{"0":"post-71205","1":"post","2":"type-post","3":"status-publish","4":"format-standard","5":"has-post-thumbnail","7":"category-brasil","8":"category-economia","9":"entry","10":"gs-1","11":"gs-odd","12":"gs-even","13":"gs-featured-content-entry"},"jetpack_featured_media_url":"https:\/\/www.redenoticia.com.br\/noticia\/imagens\/economia-grafico.jpg","jetpack_sharing_enabled":true,"jetpack_likes_enabled":true,"_links":{"self":[{"href":"https:\/\/www.redenoticia.com.br\/noticia\/wp-json\/wp\/v2\/posts\/71205","targetHints":{"allow":["GET"]}}],"collection":[{"href":"https:\/\/www.redenoticia.com.br\/noticia\/wp-json\/wp\/v2\/posts"}],"about":[{"href":"https:\/\/www.redenoticia.com.br\/noticia\/wp-json\/wp\/v2\/types\/post"}],"author":[{"embeddable":true,"href":"https:\/\/www.redenoticia.com.br\/noticia\/wp-json\/wp\/v2\/users\/2"}],"replies":[{"embeddable":true,"href":"https:\/\/www.redenoticia.com.br\/noticia\/wp-json\/wp\/v2\/comments?post=71205"}],"version-history":[{"count":0,"href":"https:\/\/www.redenoticia.com.br\/noticia\/wp-json\/wp\/v2\/posts\/71205\/revisions"}],"wp:featuredmedia":[{"embeddable":true,"href":"https:\/\/www.redenoticia.com.br\/noticia\/wp-json\/wp\/v2\/media\/57583"}],"wp:attachment":[{"href":"https:\/\/www.redenoticia.com.br\/noticia\/wp-json\/wp\/v2\/media?parent=71205"}],"wp:term":[{"taxonomy":"category","embeddable":true,"href":"https:\/\/www.redenoticia.com.br\/noticia\/wp-json\/wp\/v2\/categories?post=71205"},{"taxonomy":"post_tag","embeddable":true,"href":"https:\/\/www.redenoticia.com.br\/noticia\/wp-json\/wp\/v2\/tags?post=71205"}],"curies":[{"name":"wp","href":"https:\/\/api.w.org\/{rel}","templated":true}]}}