{"id":71177,"date":"2015-06-10T17:58:29","date_gmt":"2015-06-10T20:58:29","guid":{"rendered":"http:\/\/www.redenoticia.com.br\/noticia\/?p=71177"},"modified":"2015-06-10T17:58:29","modified_gmt":"2015-06-10T20:58:29","slug":"desemprego-e-inflacao-contribuem-para-inadimplencia-diz-economista","status":"publish","type":"post","link":"https:\/\/www.redenoticia.com.br\/noticia\/2015\/desemprego-e-inflacao-contribuem-para-inadimplencia-diz-economista\/71177","title":{"rendered":"Desemprego e infla\u00e7\u00e3o contribuem para inadimpl\u00eancia, diz economista"},"content":{"rendered":"<p> O <strong><em>desemprego<\/em><\/strong>, a infla\u00e7\u00e3o em alta e a menor confian\u00e7a levaram mais brasileiros para a lista de inadimpl\u00eancia este ano. A avalia\u00e7\u00e3o \u00e9 da economista do Servi\u00e7o de Prote\u00e7\u00e3o ao Cr\u00e9dito (SPC Brasil), Marcela Kawauti.<\/p>\n<p> \u201cTemos uma inadimpl\u00eancia que avan\u00e7a e isso traz preocupa\u00e7\u00f5es para nosso setor do varejo. Quando tenho um cliente inadimplente, tenho um cliente fora do universo de compras\u201d, acrescentou o presidente da C\u00e2mara Nacional dos Dirigentes Lojistas (CNDL), Hon\u00f3rio Pinheiro.Com a alta dos pre\u00e7os, a economista destaca que o \u201ccobertor est\u00e1 mais curto\u201d. \u201cA alta da inadimpl\u00eancia de maio \u00e9 focada nas d\u00edvidas entre 90 e 180 dias [de atraso]. Bem naquele per\u00edodo que os brasileiros gastam mais: Natal, imposto, matr\u00edculas escolares. O brasileiro est\u00e1 ficando cada vez mais inadimplente\u201d, disse.<\/p>\n<p>O SPC Brasil e a CNDL informaram que mais 2 milh\u00f5es de brasileiros entraram para a lista de inadimplentes, entre dezembro de 2014 e maio deste ano. A alta nos cinco meses do ano chegou a 4,63%. A estimativa \u00e9 que ao final de maio, havia cerca de 56,5 milh\u00f5es de brasileiros com o CPF negativado no Brasil. Em maio, comparado com o mesmo m\u00eas do ano passado, o crescimento ficou em 4,79%. Esse crescimento \u00e9 o maior desde agosto do ano passado.<\/p>\n<p>De acordo com o SPC Brasil, os brasileiros est\u00e3o com dificuldades para fazer o pagamento at\u00e9 mesmo de contas b\u00e1sicas. O maior avan\u00e7o no n\u00famero de d\u00edvidas foi causado por atrasos com empresas concession\u00e1rias de \u00e1gua e luz, aumento de 13,31%, na compara\u00e7\u00e3o anual. Em segundo lugar, est\u00e3o as d\u00edvidas com telefonia, internet e TV por assinatura, com crescimento de 12,02%.<\/p>\n<p>A alta no segmento de bancos, com d\u00edvidas no cart\u00e3o de cr\u00e9dito, empr\u00e9stimos e seguros, ficou em 10,1%. Os bancos s\u00e3o os principais credores dos brasileiros, respondendo por 48,56% do total de d\u00edvidas em atraso.<\/p>\n<p>J\u00e1 no com\u00e9rcio, houve queda de 0,29% na inadimpl\u00eancia em maio, comparado com o mesmo m\u00eas de 2014. Segundo Pinheiro, o com\u00e9rcio oferece formas de pagamento mais seguras, como cart\u00e3o de cr\u00e9dito (recebimento garantido ao lojista), \u00e0 vista e carn\u00eas. Al\u00e9m disso, h\u00e1 consulta a servi\u00e7os de prote\u00e7\u00e3o ao cr\u00e9dito. \u201cO com\u00e9rcio de cidade menores conhece muito bem o seu cliente\u201d, acrescentou a economista do SPC Brasil.<\/p>\n<p>A economista destacou ainda que o cart\u00e3o de cr\u00e9dito \u00e9 o principal meio de pagamento que leva o consumidor \u00e0 inadimpl\u00eancia. \u201cTem alta taxa de uso e tamb\u00e9m de inadimpl\u00eancia. Em vez de pedir o cr\u00e9dito do com\u00e9rcio, paga no cart\u00e3o de cr\u00e9dito\u201d disse. Ela acrescentou que quatro em cada 10 brasileiros n\u00e3o sabem qual \u00e9 o limite do cart\u00e3o e 96% n\u00e3o conhecem a taxa de juros, que costuma ser muito alta.<\/p>\n<p>Neste m\u00eas, mesmo com o Dia dos Namorados, o setor varejista n\u00e3o espera por melhora no cen\u00e1rio devido \u00e0 conjuntura econ\u00f4mica. \u201cNeste ano, os namorados v\u00e3o ficar sem presente ou com um presente um pouco mais barato, 52% dos brasileiros v\u00e3o gastar menos este ano, em rela\u00e7\u00e3o ao ano passado\u201d, disse.<\/p>\n<p>Kelly Oliveira \u2013 Rep\u00f3rter da Ag\u00eancia Brasil<br \/>\nEdi\u00e7\u00e3o: Carolina Pimentel<\/p>\n","protected":false},"excerpt":{"rendered":"<p>O desemprego, a infla\u00e7\u00e3o em alta e a menor confian\u00e7a levaram mais brasileiros para a lista de inadimpl\u00eancia este ano. A avalia\u00e7\u00e3o \u00e9 da economista do Servi\u00e7o de Prote\u00e7\u00e3o ao Cr\u00e9dito (SPC Brasil), Marcela Kawauti. \u201cTemos uma inadimpl\u00eancia que avan\u00e7a e isso traz preocupa\u00e7\u00f5es para nosso setor do varejo. Quando tenho um cliente inadimplente, tenho [&hellip;]<\/p>\n","protected":false},"author":2,"featured_media":38938,"comment_status":"open","ping_status":"closed","sticky":false,"template":"","format":"standard","meta":{"_genesis_hide_title":false,"_genesis_hide_breadcrumbs":false,"_genesis_hide_singular_image":false,"_genesis_hide_footer_widgets":false,"_genesis_custom_body_class":"","_genesis_custom_post_class":"","_genesis_layout":"","_jetpack_memberships_contains_paid_content":false,"footnotes":""},"categories":[22,7],"tags":[],"class_list":{"0":"post-71177","1":"post","2":"type-post","3":"status-publish","4":"format-standard","5":"has-post-thumbnail","7":"category-brasil","8":"category-economia","9":"entry","10":"gs-1","11":"gs-odd","12":"gs-even","13":"gs-featured-content-entry"},"jetpack_featured_media_url":"https:\/\/www.redenoticia.com.br\/noticia\/imagens\/economia1.jpg","jetpack_sharing_enabled":true,"jetpack_likes_enabled":true,"_links":{"self":[{"href":"https:\/\/www.redenoticia.com.br\/noticia\/wp-json\/wp\/v2\/posts\/71177","targetHints":{"allow":["GET"]}}],"collection":[{"href":"https:\/\/www.redenoticia.com.br\/noticia\/wp-json\/wp\/v2\/posts"}],"about":[{"href":"https:\/\/www.redenoticia.com.br\/noticia\/wp-json\/wp\/v2\/types\/post"}],"author":[{"embeddable":true,"href":"https:\/\/www.redenoticia.com.br\/noticia\/wp-json\/wp\/v2\/users\/2"}],"replies":[{"embeddable":true,"href":"https:\/\/www.redenoticia.com.br\/noticia\/wp-json\/wp\/v2\/comments?post=71177"}],"version-history":[{"count":0,"href":"https:\/\/www.redenoticia.com.br\/noticia\/wp-json\/wp\/v2\/posts\/71177\/revisions"}],"wp:featuredmedia":[{"embeddable":true,"href":"https:\/\/www.redenoticia.com.br\/noticia\/wp-json\/wp\/v2\/media\/38938"}],"wp:attachment":[{"href":"https:\/\/www.redenoticia.com.br\/noticia\/wp-json\/wp\/v2\/media?parent=71177"}],"wp:term":[{"taxonomy":"category","embeddable":true,"href":"https:\/\/www.redenoticia.com.br\/noticia\/wp-json\/wp\/v2\/categories?post=71177"},{"taxonomy":"post_tag","embeddable":true,"href":"https:\/\/www.redenoticia.com.br\/noticia\/wp-json\/wp\/v2\/tags?post=71177"}],"curies":[{"name":"wp","href":"https:\/\/api.w.org\/{rel}","templated":true}]}}