{"id":71175,"date":"2015-06-10T17:54:44","date_gmt":"2015-06-10T20:54:44","guid":{"rendered":"http:\/\/www.redenoticia.com.br\/noticia\/?p=71175"},"modified":"2015-06-10T17:54:44","modified_gmt":"2015-06-10T20:54:44","slug":"custo-industrial-cresceu-08-no-primeiro-trimestre-de-2015","status":"publish","type":"post","link":"https:\/\/www.redenoticia.com.br\/noticia\/2015\/custo-industrial-cresceu-08-no-primeiro-trimestre-de-2015\/71175","title":{"rendered":"Custo industrial cresceu 0,8% no primeiro trimestre de 2015"},"content":{"rendered":"<p> O Indicador de <strong><em>Custos Industriais<\/em><\/strong> cresceu 0,8% no primeiro trimestre de 2015, informou a Confedera\u00e7\u00e3o Nacional da Ind\u00fastria (CNI). Segundo a CNI, influenciaram no indicador a valoriza\u00e7\u00e3o do d\u00f3lar ante o real, que encareceu os insumos importados, e a alta dos pre\u00e7os da energia.<\/p>\n<p> &#8220;Apesar de elevado, o aumento do custo com energia foi menos significativo devido ao seu baixo peso na composi\u00e7\u00e3o do custo industrial&#8221;, destaca a CNI. Nesse item, o custo aumentou 8,7% no primeiro trimestre ante os tr\u00eas \u00faltimos meses do ano.<\/p>\n<p>O indicador da CNI \u00e9 formado pelos custos dos impostos, de capital de giro e de produ\u00e7\u00e3o. No primeiro trimestre, o custo tribut\u00e1rio caiu 3,3%, o de capital de giro subiu 6% e o de produ\u00e7\u00e3o aumentou 1,8% em rela\u00e7\u00e3o ao quarto trimestre.<\/p>\n<p>De acordo com os dados da CNI, o custo dos bens intermedi\u00e1rios aumentou 1,4% no primeiro trimestre de 2015, na mesma compara\u00e7\u00e3o com o \u00faltimo trimestre de 2014, impulsionado pela eleva\u00e7\u00e3o de 8,2% nos gastos com importados. Outro fator que influenciou foi o c\u00e2mbio, respons\u00e1vel pela eleva\u00e7\u00e3o de 5,6% registrada no pre\u00e7o dos produtos industrializados importados.<\/p>\n<p>Da Ag\u00eancia Brasil<br \/>\nEdi\u00e7\u00e3o: Marcos Chagas<\/p>\n","protected":false},"excerpt":{"rendered":"<p>O Indicador de Custos Industriais cresceu 0,8% no primeiro trimestre de 2015, informou a Confedera\u00e7\u00e3o Nacional da Ind\u00fastria (CNI). Segundo a CNI, influenciaram no indicador a valoriza\u00e7\u00e3o do d\u00f3lar ante o real, que encareceu os insumos importados, e a alta dos pre\u00e7os da energia. &#8220;Apesar de elevado, o aumento do custo com energia foi menos [&hellip;]<\/p>\n","protected":false},"author":2,"featured_media":57585,"comment_status":"open","ping_status":"closed","sticky":false,"template":"","format":"standard","meta":{"_genesis_hide_title":false,"_genesis_hide_breadcrumbs":false,"_genesis_hide_singular_image":false,"_genesis_hide_footer_widgets":false,"_genesis_custom_body_class":"","_genesis_custom_post_class":"","_genesis_layout":"","_jetpack_memberships_contains_paid_content":false,"footnotes":""},"categories":[22,7],"tags":[],"class_list":{"0":"post-71175","1":"post","2":"type-post","3":"status-publish","4":"format-standard","5":"has-post-thumbnail","7":"category-brasil","8":"category-economia","9":"entry","10":"gs-1","11":"gs-odd","12":"gs-even","13":"gs-featured-content-entry"},"jetpack_featured_media_url":"https:\/\/www.redenoticia.com.br\/noticia\/imagens\/analise-economia.jpg","jetpack_sharing_enabled":true,"jetpack_likes_enabled":true,"_links":{"self":[{"href":"https:\/\/www.redenoticia.com.br\/noticia\/wp-json\/wp\/v2\/posts\/71175","targetHints":{"allow":["GET"]}}],"collection":[{"href":"https:\/\/www.redenoticia.com.br\/noticia\/wp-json\/wp\/v2\/posts"}],"about":[{"href":"https:\/\/www.redenoticia.com.br\/noticia\/wp-json\/wp\/v2\/types\/post"}],"author":[{"embeddable":true,"href":"https:\/\/www.redenoticia.com.br\/noticia\/wp-json\/wp\/v2\/users\/2"}],"replies":[{"embeddable":true,"href":"https:\/\/www.redenoticia.com.br\/noticia\/wp-json\/wp\/v2\/comments?post=71175"}],"version-history":[{"count":0,"href":"https:\/\/www.redenoticia.com.br\/noticia\/wp-json\/wp\/v2\/posts\/71175\/revisions"}],"wp:featuredmedia":[{"embeddable":true,"href":"https:\/\/www.redenoticia.com.br\/noticia\/wp-json\/wp\/v2\/media\/57585"}],"wp:attachment":[{"href":"https:\/\/www.redenoticia.com.br\/noticia\/wp-json\/wp\/v2\/media?parent=71175"}],"wp:term":[{"taxonomy":"category","embeddable":true,"href":"https:\/\/www.redenoticia.com.br\/noticia\/wp-json\/wp\/v2\/categories?post=71175"},{"taxonomy":"post_tag","embeddable":true,"href":"https:\/\/www.redenoticia.com.br\/noticia\/wp-json\/wp\/v2\/tags?post=71175"}],"curies":[{"name":"wp","href":"https:\/\/api.w.org\/{rel}","templated":true}]}}