{"id":71173,"date":"2015-06-10T17:52:41","date_gmt":"2015-06-10T20:52:41","guid":{"rendered":"http:\/\/www.redenoticia.com.br\/noticia\/?p=71173"},"modified":"2015-06-10T17:52:41","modified_gmt":"2015-06-10T20:52:41","slug":"mais-2-milhoes-de-brasileiros-entram-para-lista-de-inadimplentes","status":"publish","type":"post","link":"https:\/\/www.redenoticia.com.br\/noticia\/2015\/mais-2-milhoes-de-brasileiros-entram-para-lista-de-inadimplentes\/71173","title":{"rendered":"Mais 2 milh\u00f5es de brasileiros entram para lista de inadimplentes"},"content":{"rendered":"<p> Mais 2 milh\u00f5es de brasileiros entraram para a <strong><em>lista de inadimplentes<\/em><\/strong>, entre dezembro de 2014 e maio deste ano, de acordo com dados do Servi\u00e7o de Prote\u00e7\u00e3o ao Cr\u00e9dito (SPC Brasil). A alta nos cinco meses do ano chegou a 4,63%. A estimativa \u00e9 que ao final de maio havia cerca de 56,5 milh\u00f5es de brasileiros com o CPF negativado no Brasil.<\/p>\n<p> Em maio, comparado com o mesmo m\u00eas do ano passado, o crescimento ficou em 4,79%. Esse crescimento \u00e9 o maior desde agosto do ano passado.<\/p>\n<p>De acordo com o SPC Brasil, os brasileiros est\u00e3o com dificuldades para fazer o pagamento at\u00e9 mesmo de contas b\u00e1sicas. O maior avan\u00e7o no n\u00famero de d\u00edvidas foi causado por atrasos com empresas concession\u00e1rias de \u00e1gua e luz, aumento de 13,31%, na compara\u00e7\u00e3o anual. Em segundo lugar, est\u00e3o as d\u00edvidas com telefonia, internet e TV por assinatura, com crescimento de 12,02%.<\/p>\n<p>A alta no segmento de bancos \u2013 com d\u00edvidas no cart\u00e3o de cr\u00e9dito, empr\u00e9stimos e seguros \u2013 chegou a 10,1%. Os bancos s\u00e3o os principais credores dos brasileiros, respondendo por 48,56% do toral de d\u00edvidas em atraso.<\/p>\n<p>A pesquisa do SPC Brasil \u00e9 feita em parceria com a Confedera\u00e7\u00e3o Nacional de Dirigentes Lojistas (CNDL).<\/p>\n<p>Kelly Oliveira \u2013 Rep\u00f3rter da Ag\u00eancia Brasil<br \/>\nEdi\u00e7\u00e3o: Jos\u00e9 Romildo<\/p>\n","protected":false},"excerpt":{"rendered":"<p>Mais 2 milh\u00f5es de brasileiros entraram para a lista de inadimplentes, entre dezembro de 2014 e maio deste ano, de acordo com dados do Servi\u00e7o de Prote\u00e7\u00e3o ao Cr\u00e9dito (SPC Brasil). A alta nos cinco meses do ano chegou a 4,63%. A estimativa \u00e9 que ao final de maio havia cerca de 56,5 milh\u00f5es de [&hellip;]<\/p>\n","protected":false},"author":2,"featured_media":40517,"comment_status":"open","ping_status":"closed","sticky":false,"template":"","format":"standard","meta":{"_genesis_hide_title":false,"_genesis_hide_breadcrumbs":false,"_genesis_hide_singular_image":false,"_genesis_hide_footer_widgets":false,"_genesis_custom_body_class":"","_genesis_custom_post_class":"","_genesis_layout":"","_jetpack_memberships_contains_paid_content":false,"footnotes":""},"categories":[22,7],"tags":[],"class_list":{"0":"post-71173","1":"post","2":"type-post","3":"status-publish","4":"format-standard","5":"has-post-thumbnail","7":"category-brasil","8":"category-economia","9":"entry","10":"gs-1","11":"gs-odd","12":"gs-even","13":"gs-featured-content-entry"},"jetpack_featured_media_url":"https:\/\/www.redenoticia.com.br\/noticia\/imagens\/economia-previsao.jpg","jetpack_sharing_enabled":true,"jetpack_likes_enabled":true,"_links":{"self":[{"href":"https:\/\/www.redenoticia.com.br\/noticia\/wp-json\/wp\/v2\/posts\/71173","targetHints":{"allow":["GET"]}}],"collection":[{"href":"https:\/\/www.redenoticia.com.br\/noticia\/wp-json\/wp\/v2\/posts"}],"about":[{"href":"https:\/\/www.redenoticia.com.br\/noticia\/wp-json\/wp\/v2\/types\/post"}],"author":[{"embeddable":true,"href":"https:\/\/www.redenoticia.com.br\/noticia\/wp-json\/wp\/v2\/users\/2"}],"replies":[{"embeddable":true,"href":"https:\/\/www.redenoticia.com.br\/noticia\/wp-json\/wp\/v2\/comments?post=71173"}],"version-history":[{"count":0,"href":"https:\/\/www.redenoticia.com.br\/noticia\/wp-json\/wp\/v2\/posts\/71173\/revisions"}],"wp:featuredmedia":[{"embeddable":true,"href":"https:\/\/www.redenoticia.com.br\/noticia\/wp-json\/wp\/v2\/media\/40517"}],"wp:attachment":[{"href":"https:\/\/www.redenoticia.com.br\/noticia\/wp-json\/wp\/v2\/media?parent=71173"}],"wp:term":[{"taxonomy":"category","embeddable":true,"href":"https:\/\/www.redenoticia.com.br\/noticia\/wp-json\/wp\/v2\/categories?post=71173"},{"taxonomy":"post_tag","embeddable":true,"href":"https:\/\/www.redenoticia.com.br\/noticia\/wp-json\/wp\/v2\/tags?post=71173"}],"curies":[{"name":"wp","href":"https:\/\/api.w.org\/{rel}","templated":true}]}}