{"id":71171,"date":"2015-06-10T17:49:51","date_gmt":"2015-06-10T20:49:51","guid":{"rendered":"http:\/\/www.redenoticia.com.br\/noticia\/?p=71171"},"modified":"2015-06-10T17:49:51","modified_gmt":"2015-06-10T20:49:51","slug":"inflacao-oficial-chega-a-847-em-12-meses-maior-taxa-desde-2003","status":"publish","type":"post","link":"https:\/\/www.redenoticia.com.br\/noticia\/2015\/inflacao-oficial-chega-a-847-em-12-meses-maior-taxa-desde-2003\/71171","title":{"rendered":"Infla\u00e7\u00e3o oficial chega a 8,47% em 12 meses, maior taxa desde 2003"},"content":{"rendered":"<p> A <strong><em>infla\u00e7\u00e3o<\/em><\/strong> oficial medida pelo \u00cdndice Nacional de Pre\u00e7os ao Consumidor Amplo (IPCA) foi 0,74% em maio deste ano, taxa superior a observada em abril (0,71%) e em maio do ano passado (0,46%). O dado foi divulgado pelo Instituto Brasileiro de Geografia e Estat\u00edstica (IBGE). <\/p>\n<p>A infla\u00e7\u00e3o acumulada em 12 meses ficou em 8,47%, a maior desde dezembro de 2003, quando registrou 9,3%.<\/p>\n<p>No ano, o IPCA acumula taxa de 5,34%, o maior percentual desde maio de 2003 (6,8%). A infla\u00e7\u00e3o acumulada em 12 meses ficou em 8,47%, acima do teto da meta do governo, que \u00e9 6,5%. O IPCA \u00e9 considerado a infla\u00e7\u00e3o oficial e mede a varia\u00e7\u00e3o de pre\u00e7os da cesta de compras de fam\u00edlias com renda entre um e 40 sal\u00e1rios m\u00ednimos, em dez regi\u00f5es metropolitanas e tr\u00eas capitais brasileiras.<\/p>\n<p>Vitor Abdala &#8211; Rep\u00f3rter da Ag\u00eancia Brasil<br \/>\nEdi\u00e7\u00e3o: Marcos Chagas<\/p>\n<p>&#8212;<br \/>\nAlimentos e energia el\u00e9trica pressionam infla\u00e7\u00e3o em maio<\/p>\n<p>Alimentos continuaram a pressionar a infla\u00e7\u00e3o oficial em maio deste ano, com alta de pre\u00e7os de 1,37% no m\u00eas. O grupo de despesas alimenta\u00e7\u00e3o e bebidas respondeu por quase metade da infla\u00e7\u00e3o, medida pelo \u00cdndice Nacional de Pre\u00e7os ao Consumidor Amplo (IPCA), que ficou em 0,74% em maio, segundo dados divulgados hoje (10) pelo Instituto Brasileiro de Geografia e Estat\u00edstica (IBGE).<\/p>\n<p>Entre os alimentos com taxas mais altas de infla\u00e7\u00e3o aparecem cebola (35,59%), tomate (21,38%) e cenoura (15,9%). Outros alimentos que tiveram altas de pre\u00e7o em maio foram carnes (2,32%), p\u00e3o franc\u00eas (1,6%), macarr\u00e3o (1,42%) e leite longa vida (1,32%). Em 12 meses, os alimentos acumulam alta de 8,8%, pouco acima da m\u00e9dia da infla\u00e7\u00e3o (8,47%).<\/p>\n<p>Outro grupo de despesas que teve impacto importante na infla\u00e7\u00e3o de maio foi habita\u00e7\u00e3o, com taxa de 1,22%. Principal respons\u00e1vel por essa alta de pre\u00e7os, a energia el\u00e9trica, com infla\u00e7\u00e3o de 2,77%, foi tamb\u00e9m o item individual que mais pesou no IPCA de maio.<\/p>\n<p>Em 12 meses, o grupo de despesas habita\u00e7\u00e3o teve infla\u00e7\u00e3o de 17,59%, alta puxada pela energia el\u00e9trica que, no per\u00edodo, ficou 58,47% mais alta para o consumidor brasileiro.<\/p>\n<p>Por outro lado, os transportes ajudaram a frear a infla\u00e7\u00e3o, com uma queda de pre\u00e7os de 0,29%. O principal respons\u00e1vel por essa defla\u00e7\u00e3o foi o item passagens a\u00e9reas, que ficou 23,37% mais barato para os consumidores.<\/p>\n<p>Vitor Abdala \u2013 Rep\u00f3rter da Ag\u00eancia Brasil<br \/>\nEdi\u00e7\u00e3o: Jos\u00e9 Romildo<\/p>\n","protected":false},"excerpt":{"rendered":"<p>A infla\u00e7\u00e3o oficial medida pelo \u00cdndice Nacional de Pre\u00e7os ao Consumidor Amplo (IPCA) foi 0,74% em maio deste ano, taxa superior a observada em abril (0,71%) e em maio do ano passado (0,46%). O dado foi divulgado pelo Instituto Brasileiro de Geografia e Estat\u00edstica (IBGE). A infla\u00e7\u00e3o acumulada em 12 meses ficou em 8,47%, a [&hellip;]<\/p>\n","protected":false},"author":2,"featured_media":34916,"comment_status":"open","ping_status":"closed","sticky":false,"template":"","format":"standard","meta":{"_genesis_hide_title":false,"_genesis_hide_breadcrumbs":false,"_genesis_hide_singular_image":false,"_genesis_hide_footer_widgets":false,"_genesis_custom_body_class":"","_genesis_custom_post_class":"","_genesis_layout":"","_jetpack_memberships_contains_paid_content":false,"footnotes":""},"categories":[22,7],"tags":[],"class_list":{"0":"post-71171","1":"post","2":"type-post","3":"status-publish","4":"format-standard","5":"has-post-thumbnail","7":"category-brasil","8":"category-economia","9":"entry","10":"gs-1","11":"gs-odd","12":"gs-even","13":"gs-featured-content-entry"},"jetpack_featured_media_url":"https:\/\/www.redenoticia.com.br\/noticia\/imagens\/inflacao.jpg","jetpack_sharing_enabled":true,"jetpack_likes_enabled":true,"_links":{"self":[{"href":"https:\/\/www.redenoticia.com.br\/noticia\/wp-json\/wp\/v2\/posts\/71171","targetHints":{"allow":["GET"]}}],"collection":[{"href":"https:\/\/www.redenoticia.com.br\/noticia\/wp-json\/wp\/v2\/posts"}],"about":[{"href":"https:\/\/www.redenoticia.com.br\/noticia\/wp-json\/wp\/v2\/types\/post"}],"author":[{"embeddable":true,"href":"https:\/\/www.redenoticia.com.br\/noticia\/wp-json\/wp\/v2\/users\/2"}],"replies":[{"embeddable":true,"href":"https:\/\/www.redenoticia.com.br\/noticia\/wp-json\/wp\/v2\/comments?post=71171"}],"version-history":[{"count":0,"href":"https:\/\/www.redenoticia.com.br\/noticia\/wp-json\/wp\/v2\/posts\/71171\/revisions"}],"wp:featuredmedia":[{"embeddable":true,"href":"https:\/\/www.redenoticia.com.br\/noticia\/wp-json\/wp\/v2\/media\/34916"}],"wp:attachment":[{"href":"https:\/\/www.redenoticia.com.br\/noticia\/wp-json\/wp\/v2\/media?parent=71171"}],"wp:term":[{"taxonomy":"category","embeddable":true,"href":"https:\/\/www.redenoticia.com.br\/noticia\/wp-json\/wp\/v2\/categories?post=71171"},{"taxonomy":"post_tag","embeddable":true,"href":"https:\/\/www.redenoticia.com.br\/noticia\/wp-json\/wp\/v2\/tags?post=71171"}],"curies":[{"name":"wp","href":"https:\/\/api.w.org\/{rel}","templated":true}]}}