{"id":71103,"date":"2015-06-09T01:42:20","date_gmt":"2015-06-09T04:42:20","guid":{"rendered":"http:\/\/www.redenoticia.com.br\/noticia\/?p=71103"},"modified":"2015-06-08T21:14:11","modified_gmt":"2015-06-09T00:14:11","slug":"instituicoes-financeiras-esperam-por-mais-inflacao-e-queda-na-economia","status":"publish","type":"post","link":"https:\/\/www.redenoticia.com.br\/noticia\/2015\/instituicoes-financeiras-esperam-por-mais-inflacao-e-queda-na-economia\/71103","title":{"rendered":"Institui\u00e7\u00f5es financeiras esperam por mais infla\u00e7\u00e3o e queda na economia"},"content":{"rendered":"<p> Analistas do mercado financeiro esperam por mais <strong><em>infla\u00e7\u00e3o<\/em><\/strong> e piora na economia este ano. De acordo com pesquisa do Banco Central (BC) em institui\u00e7\u00f5es financeiras, a proje\u00e7\u00e3o para a infla\u00e7\u00e3o, medida pelo \u00cdndice Nacional de Pre\u00e7os ao Consumidor Amplo (IPCA), subiu de 8,39% para 8,46%, este ano. Essa proje\u00e7\u00e3o subiu pela oitava semana seguida. Para 2016, a estimativa segue em 5,50%.<\/p>\n<p>O IPCA, produzido pelo Instituto Brasileiro de Geografia e Estat\u00edstica (IBGE), tem por objetivo medir a infla\u00e7\u00e3o de um conjunto de produtos e servi\u00e7os comercializados no varejo, referentes ao consumo pessoal das fam\u00edlias, com rendimento de 1 a 40 sal\u00e1rios m\u00ednimos.<\/p>\n<p>A expectativa dos analistas de mercado para a retra\u00e7\u00e3o da economia passou de 1,27% para 1,30%. Essa \u00e9 a terceira piora seguida na estimativa para o Produto Interno Bruto (PIB), soma de todos os bens e servi\u00e7os produzidos no pa\u00eds. No pr\u00f3ximo ano, a proje\u00e7\u00e3o \u00e9 de recupera\u00e7\u00e3o da economia, com crescimento de 1%.<\/p>\n<p>Mesmo com a economia fraca, as institui\u00e7\u00f5es financeiras esperam por mais eleva\u00e7\u00e3o na taxa b\u00e1sica de juros, a Selic, para controlar a infla\u00e7\u00e3o. Na \u00faltima quarta-feira (3), o Comit\u00ea de Pol\u00edtica Monet\u00e1ria (Copom) do BC elevou a Selic pela sexta vez seguida para 13,75% ao ano. Com o reajuste, a Selic retornou ao n\u00edvel de janeiro de 2009. Para as institui\u00e7\u00f5es financeiras, a Selic vai chegar ao final de 2015 em 14% ao ano.<\/p>\n<p>As eleva\u00e7\u00f5es da Selic s\u00e3o tentativas do BC de conter a infla\u00e7\u00e3o, que deve estourar o teto da meta para o ano. A proje\u00e7\u00e3o do pr\u00f3prio BC indica infla\u00e7\u00e3o este ano acima da meta, em 7,9%.<\/p>\n<p>A taxa \u00e9 usada nas negocia\u00e7\u00f5es de t\u00edtulos p\u00fablicos no Sistema Especial de Liquida\u00e7\u00e3o e Cust\u00f3dia (Selic) e serve como refer\u00eancia para as demais taxas de juros da economia. Ao reajust\u00e1-la para cima, o BC cont\u00e9m o excesso de demanda que pressiona os pre\u00e7os, porque os juros mais altos encarecem o cr\u00e9dito e estimulam a poupan\u00e7a. Quando reduz os juros b\u00e1sicos, o Copom barateia o cr\u00e9dito e incentiva a produ\u00e7\u00e3o e o consumo, mas alivia o controle sobre a infla\u00e7\u00e3o.<\/p>\n<p>Embora ajude no controle dos pre\u00e7os, o aumento da taxa Selic prejudica a economia, que atravessa um ano de recess\u00e3o, com queda na produ\u00e7\u00e3o e no consumo.<\/p>\n<p>Para o mercado financeiro, a produ\u00e7\u00e3o industrial deve ter uma queda de 3,20%, este ano. A estimativa da semana passada era retra\u00e7\u00e3o de 2,80%.<\/p>\n<p>A infla\u00e7\u00e3o medida pelo \u00cdndice Geral de Pre\u00e7os \u2013 Disponibilidade Interna (IGP-DI) foi alterada de 7,03% para 7,05%. Para o \u00cdndice Geral de Pre\u00e7os &#8211; Mercado (IGP-M), a estimativa passou de 6,87% para 6,88%, este ano. A estimativa para o \u00cdndice de Pre\u00e7os ao Consumidor da Funda\u00e7\u00e3o Instituto de Pesquisas Econ\u00f4micas (IPC-Fipe) subiu de 8,17% para 8,35%, este ano.<\/p>\n<p>A previs\u00e3o para o super\u00e1vit comercial (saldo positivo de exporta\u00e7\u00f5es menos importa\u00e7\u00f5es) subiu de US$ 3 bilh\u00f5es para US$ 3,1 bilh\u00f5es. A estimativa para o saldo negativo em transa\u00e7\u00f5es correntes (registros de compra e venda de mercadorias e servi\u00e7os do Brasil com o exterior) foi ajustada de US$ 83,3 bilh\u00f5es para US$ 84,1 bilh\u00f5es, este ano.<\/p>\n<p>A proje\u00e7\u00e3o para a cota\u00e7\u00e3o do d\u00f3lar segue em R$ 3,20, ao final de 2015. A expectativa das institui\u00e7\u00f5es financeiras para o investimento estrangeiro direto (recursos que v\u00e3o para o setor produtivo do pa\u00eds) passou de US$ 66 bilh\u00f5es para US$ 67,5 bilh\u00f5es, em 2015.<\/p>\n<p>A proje\u00e7\u00e3o das institui\u00e7\u00f5es financeiras para a rela\u00e7\u00e3o entre a d\u00edvida l\u00edquida do setor p\u00fablico e o PIB permanece em 37,9%, em 2015.<\/p>\n<p>Kelly Oliveira \u2013 Rep\u00f3rter da Ag\u00eancia Brasil<br \/>\nEdi\u00e7\u00e3o: Jos\u00e9 Romildo<\/p>\n","protected":false},"excerpt":{"rendered":"<p>Analistas do mercado financeiro esperam por mais infla\u00e7\u00e3o e piora na economia este ano. De acordo com pesquisa do Banco Central (BC) em institui\u00e7\u00f5es financeiras, a proje\u00e7\u00e3o para a infla\u00e7\u00e3o, medida pelo \u00cdndice Nacional de Pre\u00e7os ao Consumidor Amplo (IPCA), subiu de 8,39% para 8,46%, este ano. Essa proje\u00e7\u00e3o subiu pela oitava semana seguida. Para [&hellip;]<\/p>\n","protected":false},"author":2,"featured_media":57584,"comment_status":"open","ping_status":"closed","sticky":false,"template":"","format":"standard","meta":{"_genesis_hide_title":false,"_genesis_hide_breadcrumbs":false,"_genesis_hide_singular_image":false,"_genesis_hide_footer_widgets":false,"_genesis_custom_body_class":"","_genesis_custom_post_class":"","_genesis_layout":"","_jetpack_memberships_contains_paid_content":false,"footnotes":""},"categories":[22,7],"tags":[],"class_list":{"0":"post-71103","1":"post","2":"type-post","3":"status-publish","4":"format-standard","5":"has-post-thumbnail","7":"category-brasil","8":"category-economia","9":"entry","10":"gs-1","11":"gs-odd","12":"gs-even","13":"gs-featured-content-entry"},"jetpack_featured_media_url":"https:\/\/www.redenoticia.com.br\/noticia\/imagens\/economia-grafica-analise-inflacao.jpg","jetpack_sharing_enabled":true,"jetpack_likes_enabled":true,"_links":{"self":[{"href":"https:\/\/www.redenoticia.com.br\/noticia\/wp-json\/wp\/v2\/posts\/71103","targetHints":{"allow":["GET"]}}],"collection":[{"href":"https:\/\/www.redenoticia.com.br\/noticia\/wp-json\/wp\/v2\/posts"}],"about":[{"href":"https:\/\/www.redenoticia.com.br\/noticia\/wp-json\/wp\/v2\/types\/post"}],"author":[{"embeddable":true,"href":"https:\/\/www.redenoticia.com.br\/noticia\/wp-json\/wp\/v2\/users\/2"}],"replies":[{"embeddable":true,"href":"https:\/\/www.redenoticia.com.br\/noticia\/wp-json\/wp\/v2\/comments?post=71103"}],"version-history":[{"count":0,"href":"https:\/\/www.redenoticia.com.br\/noticia\/wp-json\/wp\/v2\/posts\/71103\/revisions"}],"wp:featuredmedia":[{"embeddable":true,"href":"https:\/\/www.redenoticia.com.br\/noticia\/wp-json\/wp\/v2\/media\/57584"}],"wp:attachment":[{"href":"https:\/\/www.redenoticia.com.br\/noticia\/wp-json\/wp\/v2\/media?parent=71103"}],"wp:term":[{"taxonomy":"category","embeddable":true,"href":"https:\/\/www.redenoticia.com.br\/noticia\/wp-json\/wp\/v2\/categories?post=71103"},{"taxonomy":"post_tag","embeddable":true,"href":"https:\/\/www.redenoticia.com.br\/noticia\/wp-json\/wp\/v2\/tags?post=71103"}],"curies":[{"name":"wp","href":"https:\/\/api.w.org\/{rel}","templated":true}]}}