{"id":71101,"date":"2015-06-09T01:39:59","date_gmt":"2015-06-09T04:39:59","guid":{"rendered":"http:\/\/www.redenoticia.com.br\/noticia\/?p=71101"},"modified":"2015-06-08T21:11:59","modified_gmt":"2015-06-09T00:11:59","slug":"alimentos-pressionam-a-inflacao-no-inicio-de-junho","status":"publish","type":"post","link":"https:\/\/www.redenoticia.com.br\/noticia\/2015\/alimentos-pressionam-a-inflacao-no-inicio-de-junho\/71101","title":{"rendered":"Alimentos pressionam a infla\u00e7\u00e3o no in\u00edcio de junho"},"content":{"rendered":"<p> O <strong><em>\u00cdndice de Pre\u00e7os ao Consumidor Semanal<\/em><\/strong> (IPC-S) avan\u00e7ou, na primeira apura\u00e7\u00e3o de junho, 0,85%. Essa varia\u00e7\u00e3o foi 0,13 ponto percentual maior do que a registrada no fechamento de maio quando a taxa alcan\u00e7ou 0,72%.<\/p>\n<p>O levantamento, feito pelo Instituto Brasileiro de Economia (Ibre) da Funda\u00e7\u00e3o Getulio Vargas (FGV), refere-se \u00e0 varia\u00e7\u00e3o de pre\u00e7os coletados no per\u00edodo de 8 de maio a 7 de junho, comparados aos valores apurados de 8 de abril a 7 de maio.<\/p>\n<p>O IPC-S calcula com agilidade mudan\u00e7as de curso na trajet\u00f3ria dos pre\u00e7os em sete capitais do pa\u00eds: S\u00e3o Paulo, Rio de Janeiro, Salvador, Belo Horizonte, Porto Alegre, Recife e Bras\u00edlia. O indicador reflete o custo de vida de fam\u00edlias com renda mensal de 1 a 33 sal\u00e1rios m\u00ednimos.<\/p>\n<p>Dos oito grupos pesquisados, cinco apresentaram acr\u00e9scimos, com destaque para alimenta\u00e7\u00e3o cujos itens ficaram em m\u00e9dia 1,08% mais caros. A alta anterior foi 0,82%. Entre os itens aliment\u00edcios que mais contribu\u00edram para esse aumento est\u00e3o as hortali\u00e7as e legumes, com corre\u00e7\u00e3o de 11,74%. A eleva\u00e7\u00e3o anterior foi 9,58%.<\/p>\n<p>Tamb\u00e9m registraram aumento de pre\u00e7os os seguintes grupos: despesas diversas, que passou de uma alta de 2,67% para 4,45%, sob a influ\u00eancia do reajuste nas apostas de jogos lot\u00e9ricos (de 20,62% para 33,13%); educa\u00e7\u00e3o, leitura e recrea\u00e7\u00e3o, de 0,40% para 0,91%, com destaque para os ingressos em salas de espet\u00e1culo (de 2,23% para 5,26%), e transportes, de 0,09% para 0,12%, \u00edndice puxado pelo pre\u00e7o da gasolina (que subiu de -0,04% para 0,14%).<\/p>\n<p>No grupo comunica\u00e7\u00e3o, o \u00edndice manteve-se em baixa de 0,04%, mas a queda foi menos expressiva do que no fechamento de maio quando havia recuado 0,07%. Essa oscila\u00e7\u00e3o reflete o recuo menos acentuado da tarifa de telefone residencial, que passou de -0,87% para -0,64%.<\/p>\n<p>A habita\u00e7\u00e3o, que vinha pressionando a infla\u00e7\u00e3o, registrou decr\u00e9scimo. A taxa passou de 0,81% para 0,68%. Neste caso, o resultado est\u00e1 associado a uma queda na press\u00e3o da tarifa de eletricidade residencial, que registrou aumento menor: de 2,07%, na apura\u00e7\u00e3o anterior, para 1,44%.<\/p>\n<p>Tamb\u00e9m diminuiu o ritmo de alta em sa\u00fade e cuidados pessoais: o \u00edndice registrado foi 1,06%. A pesquisa anterior registrou 1,21%. A queda foi gerada pelo comportamento dos medicamentos, que tiveram eleva\u00e7\u00e3o de 1,24%. No registro anterior, a eleva\u00e7\u00e3o foi 1,92%.<\/p>\n<p>O mesmo ocorreu em rela\u00e7\u00e3o a vestu\u00e1rio que teve ligeira baixa no ritmo de corre\u00e7\u00e3o ao passar de 0,86% para 0,85%. Neste grupo, a maior contribui\u00e7\u00e3o partiu dos acess\u00f3rios (de 0,93% para 0,83%).<\/p>\n<p>Marli Moreira \u2013 Rep\u00f3rter da Ag\u00eancia Brasil<br \/>\nEdi\u00e7\u00e3o: Jos\u00e9 Romildo<\/p>\n","protected":false},"excerpt":{"rendered":"<p>O \u00cdndice de Pre\u00e7os ao Consumidor Semanal (IPC-S) avan\u00e7ou, na primeira apura\u00e7\u00e3o de junho, 0,85%. Essa varia\u00e7\u00e3o foi 0,13 ponto percentual maior do que a registrada no fechamento de maio quando a taxa alcan\u00e7ou 0,72%. O levantamento, feito pelo Instituto Brasileiro de Economia (Ibre) da Funda\u00e7\u00e3o Getulio Vargas (FGV), refere-se \u00e0 varia\u00e7\u00e3o de pre\u00e7os coletados [&hellip;]<\/p>\n","protected":false},"author":2,"featured_media":34916,"comment_status":"open","ping_status":"closed","sticky":false,"template":"","format":"standard","meta":{"_genesis_hide_title":false,"_genesis_hide_breadcrumbs":false,"_genesis_hide_singular_image":false,"_genesis_hide_footer_widgets":false,"_genesis_custom_body_class":"","_genesis_custom_post_class":"","_genesis_layout":"","_jetpack_memberships_contains_paid_content":false,"footnotes":""},"categories":[22,7],"tags":[],"class_list":{"0":"post-71101","1":"post","2":"type-post","3":"status-publish","4":"format-standard","5":"has-post-thumbnail","7":"category-brasil","8":"category-economia","9":"entry","10":"gs-1","11":"gs-odd","12":"gs-even","13":"gs-featured-content-entry"},"jetpack_featured_media_url":"https:\/\/www.redenoticia.com.br\/noticia\/imagens\/inflacao.jpg","jetpack_sharing_enabled":true,"jetpack_likes_enabled":true,"_links":{"self":[{"href":"https:\/\/www.redenoticia.com.br\/noticia\/wp-json\/wp\/v2\/posts\/71101","targetHints":{"allow":["GET"]}}],"collection":[{"href":"https:\/\/www.redenoticia.com.br\/noticia\/wp-json\/wp\/v2\/posts"}],"about":[{"href":"https:\/\/www.redenoticia.com.br\/noticia\/wp-json\/wp\/v2\/types\/post"}],"author":[{"embeddable":true,"href":"https:\/\/www.redenoticia.com.br\/noticia\/wp-json\/wp\/v2\/users\/2"}],"replies":[{"embeddable":true,"href":"https:\/\/www.redenoticia.com.br\/noticia\/wp-json\/wp\/v2\/comments?post=71101"}],"version-history":[{"count":0,"href":"https:\/\/www.redenoticia.com.br\/noticia\/wp-json\/wp\/v2\/posts\/71101\/revisions"}],"wp:featuredmedia":[{"embeddable":true,"href":"https:\/\/www.redenoticia.com.br\/noticia\/wp-json\/wp\/v2\/media\/34916"}],"wp:attachment":[{"href":"https:\/\/www.redenoticia.com.br\/noticia\/wp-json\/wp\/v2\/media?parent=71101"}],"wp:term":[{"taxonomy":"category","embeddable":true,"href":"https:\/\/www.redenoticia.com.br\/noticia\/wp-json\/wp\/v2\/categories?post=71101"},{"taxonomy":"post_tag","embeddable":true,"href":"https:\/\/www.redenoticia.com.br\/noticia\/wp-json\/wp\/v2\/tags?post=71101"}],"curies":[{"name":"wp","href":"https:\/\/api.w.org\/{rel}","templated":true}]}}