{"id":71099,"date":"2015-06-09T01:37:00","date_gmt":"2015-06-09T04:37:00","guid":{"rendered":"http:\/\/www.redenoticia.com.br\/noticia\/?p=71099"},"modified":"2015-06-08T21:09:00","modified_gmt":"2015-06-09T00:09:00","slug":"cnc-avalia-que-comercio-deve-ter-em-2015-pior-desempenho-dos-ultimos-12-anos","status":"publish","type":"post","link":"https:\/\/www.redenoticia.com.br\/noticia\/2015\/cnc-avalia-que-comercio-deve-ter-em-2015-pior-desempenho-dos-ultimos-12-anos\/71099","title":{"rendered":"CNC avalia que com\u00e9rcio deve ter em 2015 pior desempenho dos \u00faltimos 12 anos"},"content":{"rendered":"<p> O <strong><em>\u00cdndice de Confian\u00e7a do Empres\u00e1rio do Com\u00e9rcio<\/em><\/strong> (Icec) encerrou o m\u00eas de maio com queda de 0,2% em rela\u00e7\u00e3o a abril, j\u00e1 descontados os efeitos sazonais. No entanto, a Confedera\u00e7\u00e3o Nacional do Com\u00e9rcio de Bens, Servi\u00e7os e Turismo (CNC) acredita que a confian\u00e7a do empresariado do setor poder\u00e1 melhorar no segundo semestre do ano.<\/p>\n<p>O \u00edndice de maio foi divulgado pela CNC e os dados mostram que ainda n\u00e3o h\u00e1 tend\u00eancia de recupera\u00e7\u00e3o do n\u00edvel de confian\u00e7a do com\u00e9rcio. \u201cA expectativa \u00e9 que a segunda metade do ano seja melhor tanto para o setor quanto para a economia\u201d, avalia a entidade. \u201cEssa eventual recupera\u00e7\u00e3o de abril para maio, no entanto, n\u00e3o dever\u00e1 impedir que o setor registre, em 2015, seu pior desempenho em 12 anos\u201d, alerta a confedera\u00e7\u00e3o.<\/p>\n<p>Ao divulgar o resultado de maio, a CNC informa que a retra\u00e7\u00e3o no m\u00eas foi a menor queda mensal do indicador desde setembro do ano passado. A confedera\u00e7\u00e3o destaca que pela primeira vez, nesse per\u00edodo, o sub\u00edndice sobre as expectativas registrou resultado mensal positivo de 1% em rela\u00e7\u00e3o ao m\u00eas anterior.<\/p>\n<p>\u201cEntretanto, mesmo com a alta de 1% na expectativa, a avalia\u00e7\u00e3o das condi\u00e7\u00f5es correntes registrou queda de 3,4%, bem como as inten\u00e7\u00f5es de investimentos ca\u00edram 2,9%\u201d, informa a confedera\u00e7\u00e3o.<\/p>\n<p>Diante deste cen\u00e1rio, a CNC projeta que pela primeira vez desde 2007, o n\u00edvel de ocupa\u00e7\u00e3o no com\u00e9rcio varejista dever\u00e1 registrar retra\u00e7\u00e3o em 2015, fechando em -0,7% em rela\u00e7\u00e3o ao ano passado.<\/p>\n<p>Para o varejo restrito, a expectativa da confedera\u00e7\u00e3o \u00e9 que, pela primeira vez em 12 anos, o volume de vendas do setor recue 0,4%. J\u00e1 o varejo ampliado \u2013 que inclui as vendas de ve\u00edculos e pe\u00e7as, al\u00e9m de materiais de constru\u00e7\u00e3o \u2013 dever\u00e1, at\u00e9 o fim do ano, ter o seu pior resultado da s\u00e9rie hist\u00f3rica do indicador, iniciada em 2004, fechando com queda de -6%.<\/p>\n<p>A publica\u00e7\u00e3o da CNC destaca a decep\u00e7\u00e3o do setor com a economia e com os n\u00edveis dos estoques, modalidade de investimento de curt\u00edssimo prazo, acima do adequado na opini\u00e3o de 29,1% dos empres\u00e1rios, o patamar mais elevado desde o in\u00edcio da divulga\u00e7\u00e3o do \u00cdndice de Confian\u00e7a do Empres\u00e1rio do Com\u00e9rcio.<\/p>\n<p>Segundo a CNC, a decep\u00e7\u00e3o com o desempenho geral da economia \u00e9 o item com pior avalia\u00e7\u00e3o em todo o Icec, fechando maio em 26,3 pontos. Para 92% dos empres\u00e1rios do setor, as condi\u00e7\u00f5es econ\u00f4micas pioraram nos \u00faltimos 12 meses.<\/p>\n<p>Para 64,3% dos entrevistados, houve \u201cdeteriora\u00e7\u00e3o acentuada\u201d no per\u00edodo. A avalia\u00e7\u00e3o das condi\u00e7\u00f5es atuais do setor \u2013 segundo pior item em todo o \u00edndice \u2013 tamb\u00e9m aponta forte retra\u00e7\u00e3o ao fechar maio negativo em 42,7%, em rela\u00e7\u00e3o a maio de 2014.<\/p>\n<p>Apesar das expectativas de um segundo semestre melhor, tanto para o setor quanto para a economia, na opini\u00e3o de 80,9% dos empres\u00e1rios, a atividade comercial do pa\u00eds piorou nos \u00faltimos 12 meses e para 44% desses a piora \u201cfoi acentuada\u201d.<\/p>\n<p>A publica\u00e7\u00e3o avalia que a perspectiva de queda no volume de vendas do setor associada \u00e0 eleva\u00e7\u00e3o nos custos de capta\u00e7\u00e3o de recursos nos \u00faltimos meses levou os empres\u00e1rios a revisarem seus planos de investimentos.<\/p>\n<p>O Icec \u00e9 o indicador antecedente, apurado exclusivamente entre os tomadores de decis\u00e3o das empresas do varejo, cujo objetivo \u00e9 detectar as tend\u00eancias das a\u00e7\u00f5es do setor do ponto de vista do empres\u00e1rio. A amostra \u00e9 composta por aproximadamente 6 mil empresas em todas as capitais do pa\u00eds. Os \u00edndices, apurados mensalmente, apresentam varia\u00e7\u00e3o de 0 a 200 pontos.<\/p>\n<p>Nielmar de Oliveira Silva &#8211; Rep\u00f3rter da Ag\u00eancia Brasil<br \/>\nEdi\u00e7\u00e3o: Marcos Chagas<\/p>\n","protected":false},"excerpt":{"rendered":"<p>O \u00cdndice de Confian\u00e7a do Empres\u00e1rio do Com\u00e9rcio (Icec) encerrou o m\u00eas de maio com queda de 0,2% em rela\u00e7\u00e3o a abril, j\u00e1 descontados os efeitos sazonais. No entanto, a Confedera\u00e7\u00e3o Nacional do Com\u00e9rcio de Bens, Servi\u00e7os e Turismo (CNC) acredita que a confian\u00e7a do empresariado do setor poder\u00e1 melhorar no segundo semestre do ano. [&hellip;]<\/p>\n","protected":false},"author":2,"featured_media":57585,"comment_status":"open","ping_status":"closed","sticky":false,"template":"","format":"standard","meta":{"_genesis_hide_title":false,"_genesis_hide_breadcrumbs":false,"_genesis_hide_singular_image":false,"_genesis_hide_footer_widgets":false,"_genesis_custom_body_class":"","_genesis_custom_post_class":"","_genesis_layout":"","_jetpack_memberships_contains_paid_content":false,"footnotes":""},"categories":[22,7],"tags":[],"class_list":{"0":"post-71099","1":"post","2":"type-post","3":"status-publish","4":"format-standard","5":"has-post-thumbnail","7":"category-brasil","8":"category-economia","9":"entry","10":"gs-1","11":"gs-odd","12":"gs-even","13":"gs-featured-content-entry"},"jetpack_featured_media_url":"https:\/\/www.redenoticia.com.br\/noticia\/imagens\/analise-economia.jpg","jetpack_sharing_enabled":true,"jetpack_likes_enabled":true,"_links":{"self":[{"href":"https:\/\/www.redenoticia.com.br\/noticia\/wp-json\/wp\/v2\/posts\/71099","targetHints":{"allow":["GET"]}}],"collection":[{"href":"https:\/\/www.redenoticia.com.br\/noticia\/wp-json\/wp\/v2\/posts"}],"about":[{"href":"https:\/\/www.redenoticia.com.br\/noticia\/wp-json\/wp\/v2\/types\/post"}],"author":[{"embeddable":true,"href":"https:\/\/www.redenoticia.com.br\/noticia\/wp-json\/wp\/v2\/users\/2"}],"replies":[{"embeddable":true,"href":"https:\/\/www.redenoticia.com.br\/noticia\/wp-json\/wp\/v2\/comments?post=71099"}],"version-history":[{"count":0,"href":"https:\/\/www.redenoticia.com.br\/noticia\/wp-json\/wp\/v2\/posts\/71099\/revisions"}],"wp:featuredmedia":[{"embeddable":true,"href":"https:\/\/www.redenoticia.com.br\/noticia\/wp-json\/wp\/v2\/media\/57585"}],"wp:attachment":[{"href":"https:\/\/www.redenoticia.com.br\/noticia\/wp-json\/wp\/v2\/media?parent=71099"}],"wp:term":[{"taxonomy":"category","embeddable":true,"href":"https:\/\/www.redenoticia.com.br\/noticia\/wp-json\/wp\/v2\/categories?post=71099"},{"taxonomy":"post_tag","embeddable":true,"href":"https:\/\/www.redenoticia.com.br\/noticia\/wp-json\/wp\/v2\/tags?post=71099"}],"curies":[{"name":"wp","href":"https:\/\/api.w.org\/{rel}","templated":true}]}}