{"id":71096,"date":"2015-06-09T01:34:14","date_gmt":"2015-06-09T04:34:14","guid":{"rendered":"http:\/\/www.redenoticia.com.br\/noticia\/?p=71096"},"modified":"2015-06-08T21:05:41","modified_gmt":"2015-06-09T00:05:41","slug":"producao-de-veiculos-cai-253-em-maio","status":"publish","type":"post","link":"https:\/\/www.redenoticia.com.br\/noticia\/2015\/producao-de-veiculos-cai-253-em-maio\/71096","title":{"rendered":"Produ\u00e7\u00e3o de ve\u00edculos cai 25,3% em maio"},"content":{"rendered":"<p> A <strong><em>produ\u00e7\u00e3o de ve\u00edculos<\/em><\/strong> automotores caiu 25,3% em maio na compara\u00e7\u00e3o com o mesmo m\u00eas do ano passado, informou a Associa\u00e7\u00e3o Nacional dos Fabricantes de Ve\u00edculos Automotores (Anfavea).<\/p>\n<p>No m\u00eas passado, foram produzidos 210.086 unidades, ante 281.355 de maio de 2014. Em rela\u00e7\u00e3o a abril deste ano, quando a produ\u00e7\u00e3o ficou em 217.552 unidades, houve queda de 3,4%. No acumulado do ano, a produ\u00e7\u00e3o chegou a 1.092.323, 19,1% a menos do que o produzido no mesmo per\u00edodo do ano passado (1.350.115).<\/p>\n<p>Segundo o presidente da Anfavea, Luiz Moan, a produ\u00e7\u00e3o retornou ao patamar do ano de 2005. \u201cFechamos maio com estoque suficiente para 51 dias de vendas, o que explica as f\u00e9rias coletivas, lay-off, licen\u00e7as remuneradas.\u201d<\/p>\n<p>Em maio estavam empregados 138.200 funcion\u00e1rios, 1% a menos do que em abril, quando havia 139.580. Na compara\u00e7\u00e3o com maio do ano passado, houve queda de 9,2%.<\/p>\n<p>O licenciamento registrou queda de 27,5% com a venda de 212.696 unidades ante as 293.362 unidades de maio de 2014. Na compara\u00e7\u00e3o com abril, quando foram comercializadas 219.351 ve\u00edculos, houve queda de 3%. De janeiro a maio de 2015, as vendas atingiram 1.106.425, 20,9 % a menos do que no mesmo per\u00edodo de 2014.<\/p>\n<p>\u201cOs resultados foram muito aqu\u00e9m da nossa previs\u00e3o. O volume de vendas representou um retorno aos resultados de maio de 2007. O que influenciou foi o cr\u00e9dito, com o saldo de financiamentos caindo 6,1% em rela\u00e7\u00e3o a abril do n\u00e3o passado. Os novos financiamentos ca\u00edram 14,3%. O \u00edndice de confian\u00e7a do consumidor afetou drasticamente as compras\u201d, disse Moan.<\/p>\n<p>As exporta\u00e7\u00f5es chegaram a 149.280, com crescimento de 3% no acumulado do ano, ante o total de 144.869 contabilizado no mesmo per\u00edodo do ano passado. Na compara\u00e7\u00e3o com maio de 2014 as vendas ao exterior tiveram aumento de 16,5%. Na compara\u00e7\u00e3o com abril, o crescimento ficou em 41,7%.<\/p>\n<p>Moan ressaltou que o setor automobil\u00edstico apoia o Programa de Prote\u00e7\u00e3o ao Emprego,  porque o considera uma forma de n\u00e3o perder o trabalhador qualificado. Segundo ele, atualmente h\u00e1 25 mil funcion\u00e1rios afastados. \u201cO programa \u00e9 um verdadeiro seguro-desemprego porque tem diversas vantagens. Defendemos que o instrumento seja permanente porque permite a redu\u00e7\u00e3o da jornada de trabalho com redu\u00e7\u00e3o proporcional de sal\u00e1rios. O governo paga o complemento de parte da redu\u00e7\u00e3o e a empresa n\u00e3o \u00e9 obrigada a pagar os encargos sobre a m\u00e3o de obra\u201d.<\/p>\n<p>Fl\u00e1via Albuquerque &#8211; Rep\u00f3rter da Ag\u00eancia Brasil<br \/>\nEdi\u00e7\u00e3o: Beto Coura<\/p>\n","protected":false},"excerpt":{"rendered":"<p>A produ\u00e7\u00e3o de ve\u00edculos automotores caiu 25,3% em maio na compara\u00e7\u00e3o com o mesmo m\u00eas do ano passado, informou a Associa\u00e7\u00e3o Nacional dos Fabricantes de Ve\u00edculos Automotores (Anfavea). No m\u00eas passado, foram produzidos 210.086 unidades, ante 281.355 de maio de 2014. Em rela\u00e7\u00e3o a abril deste ano, quando a produ\u00e7\u00e3o ficou em 217.552 unidades, houve [&hellip;]<\/p>\n","protected":false},"author":2,"featured_media":35207,"comment_status":"open","ping_status":"closed","sticky":false,"template":"","format":"standard","meta":{"_genesis_hide_title":false,"_genesis_hide_breadcrumbs":false,"_genesis_hide_singular_image":false,"_genesis_hide_footer_widgets":false,"_genesis_custom_body_class":"","_genesis_custom_post_class":"","_genesis_layout":"","_jetpack_memberships_contains_paid_content":false,"footnotes":""},"categories":[22,7],"tags":[],"class_list":{"0":"post-71096","1":"post","2":"type-post","3":"status-publish","4":"format-standard","5":"has-post-thumbnail","7":"category-brasil","8":"category-economia","9":"entry","10":"gs-1","11":"gs-odd","12":"gs-even","13":"gs-featured-content-entry"},"jetpack_featured_media_url":"https:\/\/www.redenoticia.com.br\/noticia\/imagens\/transito-estradas.jpg","jetpack_sharing_enabled":true,"jetpack_likes_enabled":true,"_links":{"self":[{"href":"https:\/\/www.redenoticia.com.br\/noticia\/wp-json\/wp\/v2\/posts\/71096","targetHints":{"allow":["GET"]}}],"collection":[{"href":"https:\/\/www.redenoticia.com.br\/noticia\/wp-json\/wp\/v2\/posts"}],"about":[{"href":"https:\/\/www.redenoticia.com.br\/noticia\/wp-json\/wp\/v2\/types\/post"}],"author":[{"embeddable":true,"href":"https:\/\/www.redenoticia.com.br\/noticia\/wp-json\/wp\/v2\/users\/2"}],"replies":[{"embeddable":true,"href":"https:\/\/www.redenoticia.com.br\/noticia\/wp-json\/wp\/v2\/comments?post=71096"}],"version-history":[{"count":0,"href":"https:\/\/www.redenoticia.com.br\/noticia\/wp-json\/wp\/v2\/posts\/71096\/revisions"}],"wp:featuredmedia":[{"embeddable":true,"href":"https:\/\/www.redenoticia.com.br\/noticia\/wp-json\/wp\/v2\/media\/35207"}],"wp:attachment":[{"href":"https:\/\/www.redenoticia.com.br\/noticia\/wp-json\/wp\/v2\/media?parent=71096"}],"wp:term":[{"taxonomy":"category","embeddable":true,"href":"https:\/\/www.redenoticia.com.br\/noticia\/wp-json\/wp\/v2\/categories?post=71096"},{"taxonomy":"post_tag","embeddable":true,"href":"https:\/\/www.redenoticia.com.br\/noticia\/wp-json\/wp\/v2\/tags?post=71096"}],"curies":[{"name":"wp","href":"https:\/\/api.w.org\/{rel}","templated":true}]}}