{"id":71089,"date":"2015-06-09T01:29:15","date_gmt":"2015-06-09T04:29:15","guid":{"rendered":"http:\/\/www.redenoticia.com.br\/noticia\/?p=71089"},"modified":"2015-06-08T20:59:43","modified_gmt":"2015-06-08T23:59:43","slug":"ufscar-inaugura-observatorio-do-turismo-do-estado-de-sp","status":"publish","type":"post","link":"https:\/\/www.redenoticia.com.br\/noticia\/2015\/ufscar-inaugura-observatorio-do-turismo-do-estado-de-sp\/71089","title":{"rendered":"UFSCar inaugura Observat\u00f3rio do Turismo do Estado de SP"},"content":{"rendered":"<p> Na quarta-feira, 10 de junho, a Universidade Federal de S\u00e3o Carlos (UFSCar) inaugura em Sorocaba o <strong><em>Observat\u00f3rio do Turismo<\/em><\/strong> do Estado de S\u00e3o Paulo (OTURESP), \u00f3rg\u00e3o respons\u00e1vel por levantar, analisar e gerenciar informa\u00e7\u00f5es sobre as potencialidades tur\u00edsticas das cidades do estado.<\/p>\n<p>O objetivo principal do OTURESP \u00e9 fomentar uma rede de informa\u00e7\u00f5es e criar uma base de dados dispon\u00edvel aos agentes p\u00fablicos e profissionais da \u00e1rea do turismo, que poder\u00e3o se utilizar dos indicadores formalizados, durante os processos de tomada de decis\u00e3o que visem ao desenvolvimento do setor tur\u00edstico dos munic\u00edpios paulistas.<\/p>\n<p>A professora Telma Darn, do Departamento de Geografia, Turismo e Humanidades da UFSCar e coordenadora do OTURESP, diz que o Observat\u00f3rio foi criado a partir da constata\u00e7\u00e3o sobre a pouca articula\u00e7\u00e3o entre dados e pesquisas em turismo no estado de S\u00e3o Paulo, o que acabava dificultando a gest\u00e3o p\u00fablica e privada da atividade tur\u00edstica de forma sistem\u00e1tica. \u201cO OTURESP se prop\u00f5e a atuar como uma ferramenta participativa no planejamento, gest\u00e3o e monitoramento do turismo no estado, criando e analisando indicadores, conformando um cen\u00e1rio de refer\u00eancia e contribuindo para tomada de decis\u00f5es mais conscientes e acertadas\u201d, afirma Darn.<br \/>\nO OTURESP \u00e9 um espa\u00e7o multidisciplinar destinado a profissionais e gestores p\u00fablicos, estudiosos e pesquisadores de diversas \u00e1reas de forma\u00e7\u00e3o que desejem desenvolver e aprimorar estudos e pesquisas em turismo, bem como propor parcerias para explorar as potencialidades e enfrentar desafios do setor.<\/p>\n<p>Em atividade desde 2012, o OTURESP surgiu como um programa de extens\u00e3o da UFSCar; em 2014, foi iniciada a cria\u00e7\u00e3o de um banco de dados com os interlocutores p\u00fablicos de turismo dos 645 munic\u00edpios do estado; e a inaugura\u00e7\u00e3o da sede, em 2015, consolida os trabalhos iniciais e abre as portas para o desenvolvimento de muitos projetos. \u201cO Observat\u00f3rio dever\u00e1, a partir de agora, ser um instrumento social, facilitador de gest\u00e3o e debate, \u2018observando\u2019 com vis\u00e3o estrat\u00e9gica a situa\u00e7\u00e3o atual e analisado as perspectivas futuras da atividade tur\u00edstica no Estado de S\u00e3o Paulo\u201d, completa a coordenadora.<\/p>\n<p>A cerim\u00f4nia de inaugura\u00e7\u00e3o do OTURESP, aberta ao p\u00fablico, ser\u00e1 realizada \u00e0s 16 horas na sede do Observat\u00f3rio, que fica na Rua Maria Cinto de Biaggi, 130, no Santa Ros\u00e1lia, e contar\u00e1 com a presen\u00e7a do Ministro do Turismo, Henrique Alves; do Secret\u00e1rio de Turismo do Governo do Estado de S\u00e3o Paulo, Roberto de Lucena; do prefeito de Sorocaba, Antonio Carlos Pannunzio; do Pr\u00f3-reitor de Gest\u00e3o de Pessoas, Prof. Mauro C\u00f4rtes, na condi\u00e7\u00e3o de representante do Reitor da UFSCar, professor Targino de Ara\u00fajo Filho; e da Pr\u00f3-reitora de Extens\u00e3o, professora Cl\u00e1udia Martinez.<\/p>\n","protected":false},"excerpt":{"rendered":"<p>Na quarta-feira, 10 de junho, a Universidade Federal de S\u00e3o Carlos (UFSCar) inaugura em Sorocaba o Observat\u00f3rio do Turismo do Estado de S\u00e3o Paulo (OTURESP), \u00f3rg\u00e3o respons\u00e1vel por levantar, analisar e gerenciar informa\u00e7\u00f5es sobre as potencialidades tur\u00edsticas das cidades do estado. O objetivo principal do OTURESP \u00e9 fomentar uma rede de informa\u00e7\u00f5es e criar uma [&hellip;]<\/p>\n","protected":false},"author":2,"featured_media":39993,"comment_status":"open","ping_status":"closed","sticky":false,"template":"","format":"standard","meta":{"_genesis_hide_title":false,"_genesis_hide_breadcrumbs":false,"_genesis_hide_singular_image":false,"_genesis_hide_footer_widgets":false,"_genesis_custom_body_class":"","_genesis_custom_post_class":"","_genesis_layout":"","_jetpack_memberships_contains_paid_content":false,"footnotes":""},"categories":[22],"tags":[],"class_list":{"0":"post-71089","1":"post","2":"type-post","3":"status-publish","4":"format-standard","5":"has-post-thumbnail","7":"category-brasil","8":"entry","9":"gs-1","10":"gs-odd","11":"gs-even","12":"gs-featured-content-entry"},"jetpack_featured_media_url":"https:\/\/www.redenoticia.com.br\/noticia\/imagens\/viagem-turismo-ferias-mapa.jpg","jetpack_sharing_enabled":true,"jetpack_likes_enabled":true,"_links":{"self":[{"href":"https:\/\/www.redenoticia.com.br\/noticia\/wp-json\/wp\/v2\/posts\/71089","targetHints":{"allow":["GET"]}}],"collection":[{"href":"https:\/\/www.redenoticia.com.br\/noticia\/wp-json\/wp\/v2\/posts"}],"about":[{"href":"https:\/\/www.redenoticia.com.br\/noticia\/wp-json\/wp\/v2\/types\/post"}],"author":[{"embeddable":true,"href":"https:\/\/www.redenoticia.com.br\/noticia\/wp-json\/wp\/v2\/users\/2"}],"replies":[{"embeddable":true,"href":"https:\/\/www.redenoticia.com.br\/noticia\/wp-json\/wp\/v2\/comments?post=71089"}],"version-history":[{"count":0,"href":"https:\/\/www.redenoticia.com.br\/noticia\/wp-json\/wp\/v2\/posts\/71089\/revisions"}],"wp:featuredmedia":[{"embeddable":true,"href":"https:\/\/www.redenoticia.com.br\/noticia\/wp-json\/wp\/v2\/media\/39993"}],"wp:attachment":[{"href":"https:\/\/www.redenoticia.com.br\/noticia\/wp-json\/wp\/v2\/media?parent=71089"}],"wp:term":[{"taxonomy":"category","embeddable":true,"href":"https:\/\/www.redenoticia.com.br\/noticia\/wp-json\/wp\/v2\/categories?post=71089"},{"taxonomy":"post_tag","embeddable":true,"href":"https:\/\/www.redenoticia.com.br\/noticia\/wp-json\/wp\/v2\/tags?post=71089"}],"curies":[{"name":"wp","href":"https:\/\/api.w.org\/{rel}","templated":true}]}}