{"id":71060,"date":"2015-06-08T01:31:21","date_gmt":"2015-06-08T04:31:21","guid":{"rendered":"http:\/\/www.redenoticia.com.br\/noticia\/?p=71060"},"modified":"2015-06-07T18:33:23","modified_gmt":"2015-06-07T21:33:23","slug":"fecomercio-diz-que-aumento-da-taxa-selic-destoa-dos-parceiros-internacionais","status":"publish","type":"post","link":"https:\/\/www.redenoticia.com.br\/noticia\/2015\/fecomercio-diz-que-aumento-da-taxa-selic-destoa-dos-parceiros-internacionais\/71060","title":{"rendered":"Fecom\u00e9rcio diz que aumento da taxa Selic destoa dos parceiros internacionais"},"content":{"rendered":"<p> O reajuste da taxa b\u00e1sica de <strong><em>juros<\/em><\/strong> da economia (Selic) em 0,5 ponto percentual, passando para 13,75% ao ano, anunciada pelo Banco Central, destoa de seus parceiros internacionais, com crescimento bem abaixo da m\u00e9dia. Essa \u00e9 a vis\u00e3o da Federe\u00e7\u00e3o do Com\u00e9rcio do Rio de Janeiro (Fecom\u00e9rcio-RJ), ao comentar a decis\u00e3o do Comit\u00ea de Pol\u00edtica Monet\u00e1ria (Copom) de elevar a Selic pela sexta vez consecutiva.<\/p>\n<p>Para a Fecom\u00e9rcio-RJ, no compasso do arrocho monet\u00e1rio, o Brasil destoa cada vez mais de seus pares internacionais, com crescimento bem abaixo da m\u00e9dia e juros muito acima do padr\u00e3o. \u201cEstamos na lanterna em termos de crescimento e na lideran\u00e7a quando o assunto \u00e9 taxa de juros. E a quest\u00e3o aqui vai al\u00e9m, porque o tanto pago por empres\u00e1rios e consumidores chega em m\u00e9dia a tr\u00eas, quatro vezes os juros b\u00e1sicos da economia, quadro agravado pelo recente aumento de impostos\u201d, comentou em nota.<\/p>\n<p>Com queda da atividade, do consumo e do investimento, o desemprego avan\u00e7a no pa\u00eds, com impactos diretos no com\u00e9rcio e na sociedade. Se o ano de 2015 \u00e9 de ajustes, nada melhor do que uma reforma estrutural. Para a Fecom\u00e9rcio-RJ &#8220;\u00e9 hora de elevar a efici\u00eancia do gasto p\u00fablico, reduzir a carga tribut\u00e1ria, incentivar o investimento e ampliar a produtividade das empresas, o que, por sua vez, ajudar\u00e1 a conter a infla\u00e7\u00e3o\u201d.<\/p>\n<p>Douglas Corr\u00eaa &#8211; Rep\u00f3rter da Ag\u00eancia Brasil<br \/>\nEdi\u00e7\u00e3o: St\u00eanio Ribeiro<\/p>\n","protected":false},"excerpt":{"rendered":"<p>O reajuste da taxa b\u00e1sica de juros da economia (Selic) em 0,5 ponto percentual, passando para 13,75% ao ano, anunciada pelo Banco Central, destoa de seus parceiros internacionais, com crescimento bem abaixo da m\u00e9dia. Essa \u00e9 a vis\u00e3o da Federe\u00e7\u00e3o do Com\u00e9rcio do Rio de Janeiro (Fecom\u00e9rcio-RJ), ao comentar a decis\u00e3o do Comit\u00ea de Pol\u00edtica [&hellip;]<\/p>\n","protected":false},"author":2,"featured_media":57583,"comment_status":"open","ping_status":"closed","sticky":false,"template":"","format":"standard","meta":{"_genesis_hide_title":false,"_genesis_hide_breadcrumbs":false,"_genesis_hide_singular_image":false,"_genesis_hide_footer_widgets":false,"_genesis_custom_body_class":"","_genesis_custom_post_class":"","_genesis_layout":"","_jetpack_memberships_contains_paid_content":false,"footnotes":""},"categories":[22,7],"tags":[],"class_list":{"0":"post-71060","1":"post","2":"type-post","3":"status-publish","4":"format-standard","5":"has-post-thumbnail","7":"category-brasil","8":"category-economia","9":"entry","10":"gs-1","11":"gs-odd","12":"gs-even","13":"gs-featured-content-entry"},"jetpack_featured_media_url":"https:\/\/www.redenoticia.com.br\/noticia\/imagens\/economia-grafico.jpg","jetpack_sharing_enabled":true,"jetpack_likes_enabled":true,"_links":{"self":[{"href":"https:\/\/www.redenoticia.com.br\/noticia\/wp-json\/wp\/v2\/posts\/71060","targetHints":{"allow":["GET"]}}],"collection":[{"href":"https:\/\/www.redenoticia.com.br\/noticia\/wp-json\/wp\/v2\/posts"}],"about":[{"href":"https:\/\/www.redenoticia.com.br\/noticia\/wp-json\/wp\/v2\/types\/post"}],"author":[{"embeddable":true,"href":"https:\/\/www.redenoticia.com.br\/noticia\/wp-json\/wp\/v2\/users\/2"}],"replies":[{"embeddable":true,"href":"https:\/\/www.redenoticia.com.br\/noticia\/wp-json\/wp\/v2\/comments?post=71060"}],"version-history":[{"count":0,"href":"https:\/\/www.redenoticia.com.br\/noticia\/wp-json\/wp\/v2\/posts\/71060\/revisions"}],"wp:featuredmedia":[{"embeddable":true,"href":"https:\/\/www.redenoticia.com.br\/noticia\/wp-json\/wp\/v2\/media\/57583"}],"wp:attachment":[{"href":"https:\/\/www.redenoticia.com.br\/noticia\/wp-json\/wp\/v2\/media?parent=71060"}],"wp:term":[{"taxonomy":"category","embeddable":true,"href":"https:\/\/www.redenoticia.com.br\/noticia\/wp-json\/wp\/v2\/categories?post=71060"},{"taxonomy":"post_tag","embeddable":true,"href":"https:\/\/www.redenoticia.com.br\/noticia\/wp-json\/wp\/v2\/tags?post=71060"}],"curies":[{"name":"wp","href":"https:\/\/api.w.org\/{rel}","templated":true}]}}