{"id":71,"date":"2009-04-01T23:28:00","date_gmt":"2009-04-02T02:28:00","guid":{"rendered":"http:\/\/www.redenoticia.com.br\/noticia\/?p=71"},"modified":"2009-04-10T01:03:32","modified_gmt":"2009-04-10T04:03:32","slug":"brasil-precisa-rever-acesso-a-informacao-publica-afirma-especialista","status":"publish","type":"post","link":"https:\/\/www.redenoticia.com.br\/noticia\/2009\/brasil-precisa-rever-acesso-a-informacao-publica-afirma-especialista\/71","title":{"rendered":"Brasil precisa rever acesso \u00e0 informa\u00e7\u00e3o p\u00fablica, afirma especialista"},"content":{"rendered":"<p style=\"MARGIN: 0cm 0cm 12pt\"><img loading=\"lazy\" decoding=\"async\" class=\"alignleft\" src=\"http:\/\/farm4.static.flickr.com\/3643\/3405340695_c23e3ab6c4_m.jpg\" alt=\"\" width=\"240\" height=\"148\" \/>Ter acesso \u00e0s informa\u00e7\u00f5es produzidas pelos poderes p\u00fablicos \u00e9 um direito de todo cidad\u00e3o, regulamentado pela Constitui\u00e7\u00e3o Federal. &#8220;Mas, as regras para obter o direito n\u00e3o foram regulamentadas nesses 20 anos de constitui\u00e7\u00e3o&#8221;, afirma o coordenador de Comunica\u00e7\u00e3o e Informa\u00e7\u00e3o da Unesco Brasil, Guilherme Canela, em entrevista \u00e0 R\u00e1dio Nacional da EBC.<\/p>\n<p style=\"MARGIN: auto 0cm\">O tema ser\u00e1 discutido durante o <em>Semin\u00e1rio Internacional de Direito de Acesso a Informa\u00e7\u00f5es P\u00fablicas<\/em>, em Bras\u00edlia. Especialistas dos Estados Unidos, Canad\u00e1, Chile, M\u00e9xico e Brasil participam do evento que come\u00e7a hoje (1\u00ba) e vai at\u00e9 amanh\u00e3 (2).<\/p>\n<p style=\"MARGIN: auto 0cm\">Para mudar essa situa\u00e7\u00e3o, Guilherme explica que \u00e9 necess\u00e1rio uma transforma\u00e7\u00e3o cultural. &#8220;Hoje, em alguns pa\u00edses, a informa\u00e7\u00e3o gerada pelos poderes p\u00fablicos em geral \u00e9 obtida quando o cidad\u00e3o conhece algu\u00e9m que det\u00e9m a informa\u00e7\u00e3o. Isso \u00e9 privilegio, n\u00e3o \u00e9 direito. N\u00f3s temos que transformar isso numa cultura de que a informa\u00e7\u00e3o \u00e9 de propriedade do cidad\u00e3o, do contribuinte que paga seus impostos.&#8221;<\/p>\n<p style=\"MARGIN: auto 0cm\">Ele destaca tamb\u00e9m a necessidade de uma legisla\u00e7\u00e3o que regulamente esse acesso. &#8220;O importante disso tudo, n\u00e3o \u00e9 s\u00f3 a filosofia de fornecer a informa\u00e7\u00e3o, mas as regras que os pa\u00edses adotam&#8221;. Ele cita como exemplo de pa\u00edses que conseguiram lidar com a informa\u00e7\u00e3o de maneira democr\u00e1tica e cidad\u00e3. &#8220;Um dos pa\u00edses mais avan\u00e7ados nesse quesito \u00e9 a Su\u00e9cia. L\u00e1, se um cidad\u00e3o quer saber por que na escola tantos professores est\u00e3o de licen\u00e7a, o Estado tem que fornecer imediatamente essa informa\u00e7\u00e3o.&#8221;<\/p>\n<p style=\"MARGIN: auto 0cm\">Nos pr\u00f3ximos meses, o Pal\u00e1cio do Planalto deve enviar ao Congresso Nacional um projeto de lei para regulamentar o acesso \u00e0s informa\u00e7\u00f5es p\u00fablicas. &#8220;Uma lei geral de acesso \u00e0 informa\u00e7\u00e3o tamb\u00e9m tem que dar conta de como o funcion\u00e1rio p\u00fablico arquiva a informa\u00e7\u00e3o para que ela n\u00e3o seja perdida na posteridade&#8221;, acrescenta.<\/p>\n<p style=\"MARGIN: auto 0cm\">Al\u00e9m da regulamenta\u00e7\u00e3o e do arquivamento de qualidade, Canela, ressalta a import\u00e2ncia de se debater o assunto. &#8220;Ter uma forte discuss\u00e3o de debate, no sentido de compreender que a informa\u00e7\u00e3o \u00e9 um bem p\u00fablico, de propriedade do cidad\u00e3o brasileiro e n\u00e3o do funcion\u00e1rio que produz a informa\u00e7\u00e3o naquele momento&#8221;, afirma.<\/p>\n<p style=\"MARGIN: auto 0cm\">No Brasil, o coordenador de Comunica\u00e7\u00e3o e Informa\u00e7\u00e3o da Unesco Brasil, destaca o Portal da Transpar\u00eancia e o Siafi que permitem acesso \u00e1s informa\u00e7\u00f5es or\u00e7ament\u00e1rias, como ferramentas de acesso \u00e0s informa\u00e7\u00f5es p\u00fablicas extremamente interessante. &#8220;\u00c9 um grande passo de revolu\u00e7\u00e3o no sistema. Mas, \u00e9 preciso dar maior institucionalidade a isso e fazer o cidad\u00e3o brasileiro compreender que \u00e9 um direito dele e n\u00e3o um favor do estado ter acesso \u00e0 essas informa\u00e7\u00f5es.&#8221;<\/p>\n<p>Da Ag\u00eancia Brasil <br style=\"mso-special-character: line-break\" \/><\/p>\n","protected":false},"excerpt":{"rendered":"<p>Ter acesso \u00e0s informa\u00e7\u00f5es produzidas pelos poderes p\u00fablicos \u00e9 um direito de todo cidad\u00e3o, regulamentado pela Constitui\u00e7\u00e3o Federal. &#8220;Mas, as regras para obter o direito n\u00e3o foram regulamentadas nesses 20 anos de constitui\u00e7\u00e3o&#8221;, afirma o coordenador de Comunica\u00e7\u00e3o e Informa\u00e7\u00e3o da Unesco Brasil, Guilherme Canela, em entrevista \u00e0 R\u00e1dio Nacional da EBC. O tema ser\u00e1 [&hellip;]<\/p>\n","protected":false},"author":2,"featured_media":0,"comment_status":"open","ping_status":"open","sticky":false,"template":"","format":"standard","meta":{"_genesis_hide_title":false,"_genesis_hide_breadcrumbs":false,"_genesis_hide_singular_image":false,"_genesis_hide_footer_widgets":false,"_genesis_custom_body_class":"","_genesis_custom_post_class":"","_genesis_layout":"","_jetpack_memberships_contains_paid_content":false,"footnotes":""},"categories":[22],"tags":[],"class_list":{"0":"post-71","1":"post","2":"type-post","3":"status-publish","4":"format-standard","6":"category-brasil","7":"entry","8":"gs-1","9":"gs-odd","10":"gs-even","11":"gs-featured-content-entry"},"jetpack_featured_media_url":"","jetpack_sharing_enabled":true,"jetpack_likes_enabled":true,"_links":{"self":[{"href":"https:\/\/www.redenoticia.com.br\/noticia\/wp-json\/wp\/v2\/posts\/71","targetHints":{"allow":["GET"]}}],"collection":[{"href":"https:\/\/www.redenoticia.com.br\/noticia\/wp-json\/wp\/v2\/posts"}],"about":[{"href":"https:\/\/www.redenoticia.com.br\/noticia\/wp-json\/wp\/v2\/types\/post"}],"author":[{"embeddable":true,"href":"https:\/\/www.redenoticia.com.br\/noticia\/wp-json\/wp\/v2\/users\/2"}],"replies":[{"embeddable":true,"href":"https:\/\/www.redenoticia.com.br\/noticia\/wp-json\/wp\/v2\/comments?post=71"}],"version-history":[{"count":0,"href":"https:\/\/www.redenoticia.com.br\/noticia\/wp-json\/wp\/v2\/posts\/71\/revisions"}],"wp:attachment":[{"href":"https:\/\/www.redenoticia.com.br\/noticia\/wp-json\/wp\/v2\/media?parent=71"}],"wp:term":[{"taxonomy":"category","embeddable":true,"href":"https:\/\/www.redenoticia.com.br\/noticia\/wp-json\/wp\/v2\/categories?post=71"},{"taxonomy":"post_tag","embeddable":true,"href":"https:\/\/www.redenoticia.com.br\/noticia\/wp-json\/wp\/v2\/tags?post=71"}],"curies":[{"name":"wp","href":"https:\/\/api.w.org\/{rel}","templated":true}]}}