{"id":70857,"date":"2015-06-01T15:09:16","date_gmt":"2015-06-01T18:09:16","guid":{"rendered":"http:\/\/www.redenoticia.com.br\/noticia\/?p=70857"},"modified":"2015-06-01T15:09:16","modified_gmt":"2015-06-01T18:09:16","slug":"confianca-dos-empresarios-de-servicos-cai-16-em-maio","status":"publish","type":"post","link":"https:\/\/www.redenoticia.com.br\/noticia\/2015\/confianca-dos-empresarios-de-servicos-cai-16-em-maio\/70857","title":{"rendered":"Confian\u00e7a dos empres\u00e1rios de servi\u00e7os cai 1,6% em maio"},"content":{"rendered":"<p> O <strong><em>\u00cdndice de Confian\u00e7a de Servi\u00e7os<\/em><\/strong> (ICS) da Funda\u00e7\u00e3o Getulio Vargas (FGV) recuou 1,6% em maio em compara\u00e7\u00e3o ao m\u00eas anterior (abril), considerando-se os dados com ajuste sazonal. O ajuste sazonal ocorre quando os t\u00e9cnicos descontam o aumento das vendas de produtos em feriados ou datas comemorativas.<\/p>\n<p>A queda do \u00edndice reflete o decl\u00ednio da pontua\u00e7\u00e3o que mede as expectativas de empresas de servi\u00e7o em todo o pa\u00eds em rela\u00e7\u00e3o aos pr\u00f3ximos tr\u00eas meses: o \u00edndice, que correspondia a  85,9 pontos, em abril, caiu para 84,5 pontos em maio. A pesquisa foi feita em 2 mil empresas de servi\u00e7o.<\/p>\n<p>A pontua\u00e7\u00e3o mede o grau de confian\u00e7a dos empres\u00e1rios da servi\u00e7os. Acima de 100 pontos, indica otimismo das empresas. Abaixo de 100 pontos, mostra pessimismo. O \u00edndice de maio revela que est\u00e1 piorando a percep\u00e7\u00e3o das empresas em rela\u00e7\u00e3o \u00e0 possibilidade de novos investimentos e \u00e0 cria\u00e7\u00e3o de empregos.<\/p>\n<p>Segundo o consultor de economia da FGV, Silvio Sales, as \u201cavalia\u00e7\u00f5es [dos empres\u00e1rios de servi\u00e7os] sobre o momento atual chegaram a um novo m\u00ednimo hist\u00f3rico: assim, ampliam-se os sinais de um segundo trimestre ainda mais fraco que o anterior\u201d.<\/p>\n<p>Nielmar de Oliveira &#8211; Rep\u00f3rter da Ag\u00eancia Brasil<br \/>\nEdi\u00e7\u00e3o: Jos\u00e9 Romildo<\/p>\n","protected":false},"excerpt":{"rendered":"<p>O \u00cdndice de Confian\u00e7a de Servi\u00e7os (ICS) da Funda\u00e7\u00e3o Getulio Vargas (FGV) recuou 1,6% em maio em compara\u00e7\u00e3o ao m\u00eas anterior (abril), considerando-se os dados com ajuste sazonal. O ajuste sazonal ocorre quando os t\u00e9cnicos descontam o aumento das vendas de produtos em feriados ou datas comemorativas. A queda do \u00edndice reflete o decl\u00ednio da [&hellip;]<\/p>\n","protected":false},"author":2,"featured_media":57583,"comment_status":"open","ping_status":"closed","sticky":false,"template":"","format":"standard","meta":{"_genesis_hide_title":false,"_genesis_hide_breadcrumbs":false,"_genesis_hide_singular_image":false,"_genesis_hide_footer_widgets":false,"_genesis_custom_body_class":"","_genesis_custom_post_class":"","_genesis_layout":"","_jetpack_memberships_contains_paid_content":false,"footnotes":""},"categories":[22,7],"tags":[],"class_list":{"0":"post-70857","1":"post","2":"type-post","3":"status-publish","4":"format-standard","5":"has-post-thumbnail","7":"category-brasil","8":"category-economia","9":"entry","10":"gs-1","11":"gs-odd","12":"gs-even","13":"gs-featured-content-entry"},"jetpack_featured_media_url":"https:\/\/www.redenoticia.com.br\/noticia\/imagens\/economia-grafico.jpg","jetpack_sharing_enabled":true,"jetpack_likes_enabled":true,"_links":{"self":[{"href":"https:\/\/www.redenoticia.com.br\/noticia\/wp-json\/wp\/v2\/posts\/70857","targetHints":{"allow":["GET"]}}],"collection":[{"href":"https:\/\/www.redenoticia.com.br\/noticia\/wp-json\/wp\/v2\/posts"}],"about":[{"href":"https:\/\/www.redenoticia.com.br\/noticia\/wp-json\/wp\/v2\/types\/post"}],"author":[{"embeddable":true,"href":"https:\/\/www.redenoticia.com.br\/noticia\/wp-json\/wp\/v2\/users\/2"}],"replies":[{"embeddable":true,"href":"https:\/\/www.redenoticia.com.br\/noticia\/wp-json\/wp\/v2\/comments?post=70857"}],"version-history":[{"count":0,"href":"https:\/\/www.redenoticia.com.br\/noticia\/wp-json\/wp\/v2\/posts\/70857\/revisions"}],"wp:featuredmedia":[{"embeddable":true,"href":"https:\/\/www.redenoticia.com.br\/noticia\/wp-json\/wp\/v2\/media\/57583"}],"wp:attachment":[{"href":"https:\/\/www.redenoticia.com.br\/noticia\/wp-json\/wp\/v2\/media?parent=70857"}],"wp:term":[{"taxonomy":"category","embeddable":true,"href":"https:\/\/www.redenoticia.com.br\/noticia\/wp-json\/wp\/v2\/categories?post=70857"},{"taxonomy":"post_tag","embeddable":true,"href":"https:\/\/www.redenoticia.com.br\/noticia\/wp-json\/wp\/v2\/tags?post=70857"}],"curies":[{"name":"wp","href":"https:\/\/api.w.org\/{rel}","templated":true}]}}