{"id":70853,"date":"2015-06-01T15:03:12","date_gmt":"2015-06-01T18:03:12","guid":{"rendered":"http:\/\/www.redenoticia.com.br\/noticia\/?p=70853"},"modified":"2015-06-01T15:03:12","modified_gmt":"2015-06-01T18:03:12","slug":"mercado-financeiro-selic-deve-subir-pela-sexta-vez-seguida-esta-semana","status":"publish","type":"post","link":"https:\/\/www.redenoticia.com.br\/noticia\/2015\/mercado-financeiro-selic-deve-subir-pela-sexta-vez-seguida-esta-semana\/70853","title":{"rendered":"Mercado financeiro: Selic deve subir pela sexta vez seguida esta semana"},"content":{"rendered":"<p> A taxa b\u00e1sica de juros, a <strong><em>Selic<\/em><\/strong>, deve subir pela sexta vez seguida, esta semana. A estimativa \u00e9 de analistas do mercado financeiro que projetam mais uma alta de 0,5 ponto percentual, com a taxa em 13,75% ao ano. Atualmente, a Selic est\u00e1 em 13,25% ao ano. Na opini\u00e3o do mercado financeiro, ao final de 2015, a Selic deve ficar em 14% ao ano.<\/p>\n<p>A reuni\u00e3o do Comit\u00ea de Pol\u00edtica Monet\u00e1ria (Copom) do Banco Central (BC), respons\u00e1vel por definir a Selic, est\u00e1 marcada para ter\u00e7a (2) e quarta-feira.<\/p>\n<p>As eleva\u00e7\u00f5es da Selic s\u00e3o tentativas do BC de conter a infla\u00e7\u00e3o, que deve estourar o teto da meta para o ano. A meta de infla\u00e7\u00e3o \u00e9 4,5%, com margem de dois pontos percentuais para mais ou para menos. Ou seja, o limite superior da meta \u00e9 6,5%. Na avalia\u00e7\u00e3o dos analistas do mercado financeiro ouvidos pelo BC, a infla\u00e7\u00e3o, medida pelo \u00cdndice Nacional de Pre\u00e7os ao Consumidor Amplo (IPCA), deve chegar a 8,39%, em 2015. Essa proje\u00e7\u00e3o sobe h\u00e1 sete semanas seguidas. Na semana passada, estava em 8,37%. A proje\u00e7\u00e3o do pr\u00f3prio BC indica infla\u00e7\u00e3o este ano acima da meta, em 7,9%.<\/p>\n<p>A taxa \u00e9 usada nas negocia\u00e7\u00f5es de t\u00edtulos p\u00fablicos no Sistema Especial de Liquida\u00e7\u00e3o e Cust\u00f3dia (Selic) e serve como refer\u00eancia para as demais taxas de juros da economia. Ao reajust\u00e1-la para cima, o BC cont\u00e9m o excesso de demanda que pressiona os pre\u00e7os, porque os juros mais altos encarecem o cr\u00e9dito e estimulam a poupan\u00e7a. Quando reduz os juros b\u00e1sicos, o Copom barateia o cr\u00e9dito e incentiva a produ\u00e7\u00e3o e o consumo, mas alivia o controle sobre a infla\u00e7\u00e3o.<\/p>\n<p>Embora ajude no controle dos pre\u00e7os, o aumento da taxa Selic prejudica a economia, que atravessa um ano de recess\u00e3o, com queda na produ\u00e7\u00e3o e no consumo. Para o mercado financeiro, a economia deve ter retra\u00e7\u00e3o de 1,27%, este ano. A estimativa da semana passada para o Produto Interno Bruto (PIB) estava em queda de 1,24%. Essa foi a segunda piora consecutiva na proje\u00e7\u00e3o.<\/p>\n<p>A pesquisa do BC para indicadores econ\u00f4micos divulgados hoje (1\u00ba) tamb\u00e9m mostra que d\u00f3lar deve chegar a R$ 3,20 no final deste ano e a R$ 3,30 no fim de 2016.<br \/>\nA expectativa para a infla\u00e7\u00e3o medida pelo \u00cdndice Geral de Pre\u00e7os \u2013 Disponibilidade Interna (IGP-DI) permanece em 7,03%, este ano, e em 5,50%, em 2016. Para o \u00cdndice Geral de Pre\u00e7os &#8211; Mercado (IGP-M), a estimativa passou de 6,97% para 6,87%, este ano, e segue em 5,50%, em 2016.<\/p>\n<p>A estimativa da infla\u00e7\u00e3o medida pelo \u00cdndice de Pre\u00e7os ao Consumidor da Funda\u00e7\u00e3o Instituto de Pesquisas Econ\u00f4micas (IPC-Fipe) foi ajustada de 8,33% para 8,17%, este ano, e segue em 5,10%, em 2016.<\/p>\n<p>A proje\u00e7\u00e3o para os pre\u00e7os administrados subiu de 13,7% para 13,9%, este ano, e de 5,84% para 5,8%, em 2016.<\/p>\n<p>Kelly Oliveira \u2013 Rep\u00f3rter da Ag\u00eancia Brasil<br \/>\nEdi\u00e7\u00e3o: Jos\u00e9 Romildo<\/p>\n","protected":false},"excerpt":{"rendered":"<p>A taxa b\u00e1sica de juros, a Selic, deve subir pela sexta vez seguida, esta semana. A estimativa \u00e9 de analistas do mercado financeiro que projetam mais uma alta de 0,5 ponto percentual, com a taxa em 13,75% ao ano. Atualmente, a Selic est\u00e1 em 13,25% ao ano. Na opini\u00e3o do mercado financeiro, ao final de [&hellip;]<\/p>\n","protected":false},"author":2,"featured_media":38940,"comment_status":"open","ping_status":"closed","sticky":false,"template":"","format":"standard","meta":{"_genesis_hide_title":false,"_genesis_hide_breadcrumbs":false,"_genesis_hide_singular_image":false,"_genesis_hide_footer_widgets":false,"_genesis_custom_body_class":"","_genesis_custom_post_class":"","_genesis_layout":"","_jetpack_memberships_contains_paid_content":false,"footnotes":""},"categories":[22,7],"tags":[],"class_list":{"0":"post-70853","1":"post","2":"type-post","3":"status-publish","4":"format-standard","5":"has-post-thumbnail","7":"category-brasil","8":"category-economia","9":"entry","10":"gs-1","11":"gs-odd","12":"gs-even","13":"gs-featured-content-entry"},"jetpack_featured_media_url":"https:\/\/www.redenoticia.com.br\/noticia\/imagens\/grafico.jpg","jetpack_sharing_enabled":true,"jetpack_likes_enabled":true,"_links":{"self":[{"href":"https:\/\/www.redenoticia.com.br\/noticia\/wp-json\/wp\/v2\/posts\/70853","targetHints":{"allow":["GET"]}}],"collection":[{"href":"https:\/\/www.redenoticia.com.br\/noticia\/wp-json\/wp\/v2\/posts"}],"about":[{"href":"https:\/\/www.redenoticia.com.br\/noticia\/wp-json\/wp\/v2\/types\/post"}],"author":[{"embeddable":true,"href":"https:\/\/www.redenoticia.com.br\/noticia\/wp-json\/wp\/v2\/users\/2"}],"replies":[{"embeddable":true,"href":"https:\/\/www.redenoticia.com.br\/noticia\/wp-json\/wp\/v2\/comments?post=70853"}],"version-history":[{"count":0,"href":"https:\/\/www.redenoticia.com.br\/noticia\/wp-json\/wp\/v2\/posts\/70853\/revisions"}],"wp:featuredmedia":[{"embeddable":true,"href":"https:\/\/www.redenoticia.com.br\/noticia\/wp-json\/wp\/v2\/media\/38940"}],"wp:attachment":[{"href":"https:\/\/www.redenoticia.com.br\/noticia\/wp-json\/wp\/v2\/media?parent=70853"}],"wp:term":[{"taxonomy":"category","embeddable":true,"href":"https:\/\/www.redenoticia.com.br\/noticia\/wp-json\/wp\/v2\/categories?post=70853"},{"taxonomy":"post_tag","embeddable":true,"href":"https:\/\/www.redenoticia.com.br\/noticia\/wp-json\/wp\/v2\/tags?post=70853"}],"curies":[{"name":"wp","href":"https:\/\/api.w.org\/{rel}","templated":true}]}}