{"id":70851,"date":"2015-06-01T14:57:51","date_gmt":"2015-06-01T17:57:51","guid":{"rendered":"http:\/\/www.redenoticia.com.br\/noticia\/?p=70851"},"modified":"2015-06-01T14:57:51","modified_gmt":"2015-06-01T17:57:51","slug":"inflacao-medida-pelo-ipc-s-registra-alta-de-863-em-12-meses","status":"publish","type":"post","link":"https:\/\/www.redenoticia.com.br\/noticia\/2015\/inflacao-medida-pelo-ipc-s-registra-alta-de-863-em-12-meses\/70851","title":{"rendered":"Infla\u00e7\u00e3o medida pelo IPC-S registra alta de 8,63% em 12 meses"},"content":{"rendered":"<p> O <strong><em>\u00cdndice de Pre\u00e7os ao Consumidor Semanal<\/em><\/strong> (IPC-S) encerrou o m\u00eas de maio com taxa de 0,72%, o que representa um avan\u00e7o de 0,04 ponto percentual em rela\u00e7\u00e3o ao resultado da terceira pr\u00e9via do m\u00eas (0,68%). No acumulado, desde janeiro, o \u00edndice apresenta alta de 5,55% e, nos \u00faltimos 12 meses, 8,63%.<\/p>\n<p>O levantamento \u00e9 do Instituto Brasileiro de Economia (Ibre) da Funda\u00e7\u00e3o Getulio Vargas (FGV) com base nas varia\u00e7\u00f5es de pre\u00e7os em sete capitais: S\u00e3o Paulo, Rio de Janeiro, Belo Horizonte, Salvador, Recife, Porto Alegre e Bras\u00edlia.<\/p>\n<p>O ritmo de alta dos pre\u00e7os de maio superou \u00e0 da terceira pr\u00e9via em tr\u00eas dos oito grupos pesquisados com destaque para despesas diversas, que subiram de 0,66% para 2,67%. O aumento foi influenciado, principalmente, pelo reajuste do valor dos jogos de loteria, que teve alta de 20,62%.<\/p>\n<p>Em habita\u00e7\u00e3o, a taxa aumentou de 0,74% para 0,81% ainda sob o efeito da tarifa de energia el\u00e9trica, que subiu de 1,93% para 2,07%. No grupo alimenta\u00e7\u00e3o, houve eleva\u00e7\u00e3o de 0,82% sobre uma alta de 0,76%. Entre os itens aliment\u00edcios que ficaram mais caros est\u00e3o as hortali\u00e7as e legumes (de 7,87% para 9,58%).<\/p>\n<p>J\u00e1 em comunica\u00e7\u00e3o ocorreu queda de 0,07%, ante 0,05%. A queda decorreu, em parte, da varia\u00e7\u00e3o do pre\u00e7o da mensalidade para os servi\u00e7os de internet. Essa mensalidade elevou-se em 0,27%, na pesquisa anterior, e, nesta, ficou praticamente est\u00e1vel com taxa de 0,01%.<\/p>\n<p>Nos demais grupos, os reajustes perderam for\u00e7a. Em sa\u00fade e cuidados pessoais, a taxa passou de 1,51% para 1,21%, influenciado pela baixa nos medicamentos em geral (de 3,27% para 1,92%). No grupo transportes, houve alta de 0,09% sobre um aumento de 0,12% com destaque para a queda na tarifa de \u00f4nibus urbano (de -0,04% para -0,27%).<\/p>\n<p>Em vestu\u00e1rio, o \u00edndice apontou eleva\u00e7\u00e3o de 0,86%, taxa inferior \u00e0 \u00faltima apura\u00e7\u00e3o (1%). As roupas femininas foram as que mais influenciaram este resultado, ao passar de alta de 1,29% para 0,93%. No grupo educa\u00e7\u00e3o, leitura e recrea\u00e7\u00e3o, o \u00edndice teve varia\u00e7\u00e3o de 0,4%, ligeiramente abaixo da alta passada (0,42%). Neste caso, foi verificada eleva\u00e7\u00e3o mais branda nos ingressos para as salas de espet\u00e1culo (de 3,05% para 2,23%).<\/p>\n<p>Os cinco itens de maior influ\u00eancia inflacion\u00e1ria foram: tarifa de energia el\u00e9trica (2,07%); jogo lot\u00e9rico (20,62%); tomate (17,47%); cebola 32,26%; refei\u00e7\u00f5es fora de casa (0,72%. Em sentido oposto, os itens que mais reduziram a press\u00e3o inflacion\u00e1ria foram: tangerina (-28,82%); mam\u00e3o papaya (-13,94%); alface (-7,14%); tarifa de telefone residencial (-0,87%) e laranja-pera (-6,25%).<\/p>\n<p>Marli Moreira &#8211; Rep\u00f3rter da Ag\u00eancia Brasil<br \/>\nEdi\u00e7\u00e3o: Jos\u00e9 Romildo<\/p>\n","protected":false},"excerpt":{"rendered":"<p>O \u00cdndice de Pre\u00e7os ao Consumidor Semanal (IPC-S) encerrou o m\u00eas de maio com taxa de 0,72%, o que representa um avan\u00e7o de 0,04 ponto percentual em rela\u00e7\u00e3o ao resultado da terceira pr\u00e9via do m\u00eas (0,68%). No acumulado, desde janeiro, o \u00edndice apresenta alta de 5,55% e, nos \u00faltimos 12 meses, 8,63%. O levantamento \u00e9 [&hellip;]<\/p>\n","protected":false},"author":2,"featured_media":34916,"comment_status":"open","ping_status":"closed","sticky":false,"template":"","format":"standard","meta":{"_genesis_hide_title":false,"_genesis_hide_breadcrumbs":false,"_genesis_hide_singular_image":false,"_genesis_hide_footer_widgets":false,"_genesis_custom_body_class":"","_genesis_custom_post_class":"","_genesis_layout":"","_jetpack_memberships_contains_paid_content":false,"footnotes":""},"categories":[22,7],"tags":[],"class_list":{"0":"post-70851","1":"post","2":"type-post","3":"status-publish","4":"format-standard","5":"has-post-thumbnail","7":"category-brasil","8":"category-economia","9":"entry","10":"gs-1","11":"gs-odd","12":"gs-even","13":"gs-featured-content-entry"},"jetpack_featured_media_url":"https:\/\/www.redenoticia.com.br\/noticia\/imagens\/inflacao.jpg","jetpack_sharing_enabled":true,"jetpack_likes_enabled":true,"_links":{"self":[{"href":"https:\/\/www.redenoticia.com.br\/noticia\/wp-json\/wp\/v2\/posts\/70851","targetHints":{"allow":["GET"]}}],"collection":[{"href":"https:\/\/www.redenoticia.com.br\/noticia\/wp-json\/wp\/v2\/posts"}],"about":[{"href":"https:\/\/www.redenoticia.com.br\/noticia\/wp-json\/wp\/v2\/types\/post"}],"author":[{"embeddable":true,"href":"https:\/\/www.redenoticia.com.br\/noticia\/wp-json\/wp\/v2\/users\/2"}],"replies":[{"embeddable":true,"href":"https:\/\/www.redenoticia.com.br\/noticia\/wp-json\/wp\/v2\/comments?post=70851"}],"version-history":[{"count":0,"href":"https:\/\/www.redenoticia.com.br\/noticia\/wp-json\/wp\/v2\/posts\/70851\/revisions"}],"wp:featuredmedia":[{"embeddable":true,"href":"https:\/\/www.redenoticia.com.br\/noticia\/wp-json\/wp\/v2\/media\/34916"}],"wp:attachment":[{"href":"https:\/\/www.redenoticia.com.br\/noticia\/wp-json\/wp\/v2\/media?parent=70851"}],"wp:term":[{"taxonomy":"category","embeddable":true,"href":"https:\/\/www.redenoticia.com.br\/noticia\/wp-json\/wp\/v2\/categories?post=70851"},{"taxonomy":"post_tag","embeddable":true,"href":"https:\/\/www.redenoticia.com.br\/noticia\/wp-json\/wp\/v2\/tags?post=70851"}],"curies":[{"name":"wp","href":"https:\/\/api.w.org\/{rel}","templated":true}]}}