{"id":70725,"date":"2015-05-28T15:14:58","date_gmt":"2015-05-28T18:14:58","guid":{"rendered":"http:\/\/www.redenoticia.com.br\/noticia\/?p=70725"},"modified":"2015-05-28T15:14:58","modified_gmt":"2015-05-28T18:14:58","slug":"consumidor-acredita-em-mais-inflacao-e-desemprego-diz-pesquisa-da-cni","status":"publish","type":"post","link":"https:\/\/www.redenoticia.com.br\/noticia\/2015\/consumidor-acredita-em-mais-inflacao-e-desemprego-diz-pesquisa-da-cni\/70725","title":{"rendered":"Consumidor acredita em mais infla\u00e7\u00e3o e desemprego, diz pesquisa da CNI"},"content":{"rendered":"<p> A Confedera\u00e7\u00e3o Nacional da Ind\u00fastria (CNI) divulgou que o \u00cdndice Nacional de <strong><em>Expectativa do Consumidor<\/em><\/strong> (Inec) de maio ficou praticamente est\u00e1vel em rela\u00e7\u00e3o a abril, com 98,7 pontos. O resultado mant\u00e9m o \u00edndice no menor valor desde junho de 2001, informou a confedera\u00e7\u00e3o.<\/p>\n<p>Na pesquisa, o indicador de expectativa de infla\u00e7\u00e3o aumentou 3,1% e o de expectativa de desemprego subiu 2,7% na compara\u00e7\u00e3o com abril. De acordo com a metodologia utilizada pela CNI, a alta dos dois indicadores mostra que subiu o n\u00famero de pessoas que espera mais infla\u00e7\u00e3o e desemprego nos pr\u00f3ximos seis meses.<\/p>\n<p>A pesquisa mostra ainda que a popula\u00e7\u00e3o tem uma avalia\u00e7\u00e3o mais negativa da situa\u00e7\u00e3o financeira e pretende reduzir as compras de maior valor. O indicador de situa\u00e7\u00e3o financeira caiu 1% e o de compras de maior valor recuou 4,4% em rela\u00e7\u00e3o a abril.<\/p>\n<p>Feita em parceria com o Ibope Intelig\u00eancia, esta edi\u00e7\u00e3o do Inec ouviu 2.002 pessoas em 141 munic\u00edpios, entre os dias 14 e 18 deste m\u00eas.<\/p>\n<p>Da Ag\u00eancia Brasil<br \/>\nEdi\u00e7\u00e3o: St\u00eanio Ribeiro<\/p>\n","protected":false},"excerpt":{"rendered":"<p>A Confedera\u00e7\u00e3o Nacional da Ind\u00fastria (CNI) divulgou que o \u00cdndice Nacional de Expectativa do Consumidor (Inec) de maio ficou praticamente est\u00e1vel em rela\u00e7\u00e3o a abril, com 98,7 pontos. O resultado mant\u00e9m o \u00edndice no menor valor desde junho de 2001, informou a confedera\u00e7\u00e3o. Na pesquisa, o indicador de expectativa de infla\u00e7\u00e3o aumentou 3,1% e o [&hellip;]<\/p>\n","protected":false},"author":2,"featured_media":40517,"comment_status":"open","ping_status":"closed","sticky":false,"template":"","format":"standard","meta":{"_genesis_hide_title":false,"_genesis_hide_breadcrumbs":false,"_genesis_hide_singular_image":false,"_genesis_hide_footer_widgets":false,"_genesis_custom_body_class":"","_genesis_custom_post_class":"","_genesis_layout":"","_jetpack_memberships_contains_paid_content":false,"footnotes":""},"categories":[22,7],"tags":[],"class_list":{"0":"post-70725","1":"post","2":"type-post","3":"status-publish","4":"format-standard","5":"has-post-thumbnail","7":"category-brasil","8":"category-economia","9":"entry","10":"gs-1","11":"gs-odd","12":"gs-even","13":"gs-featured-content-entry"},"jetpack_featured_media_url":"https:\/\/www.redenoticia.com.br\/noticia\/imagens\/economia-previsao.jpg","jetpack_sharing_enabled":true,"jetpack_likes_enabled":true,"_links":{"self":[{"href":"https:\/\/www.redenoticia.com.br\/noticia\/wp-json\/wp\/v2\/posts\/70725","targetHints":{"allow":["GET"]}}],"collection":[{"href":"https:\/\/www.redenoticia.com.br\/noticia\/wp-json\/wp\/v2\/posts"}],"about":[{"href":"https:\/\/www.redenoticia.com.br\/noticia\/wp-json\/wp\/v2\/types\/post"}],"author":[{"embeddable":true,"href":"https:\/\/www.redenoticia.com.br\/noticia\/wp-json\/wp\/v2\/users\/2"}],"replies":[{"embeddable":true,"href":"https:\/\/www.redenoticia.com.br\/noticia\/wp-json\/wp\/v2\/comments?post=70725"}],"version-history":[{"count":0,"href":"https:\/\/www.redenoticia.com.br\/noticia\/wp-json\/wp\/v2\/posts\/70725\/revisions"}],"wp:featuredmedia":[{"embeddable":true,"href":"https:\/\/www.redenoticia.com.br\/noticia\/wp-json\/wp\/v2\/media\/40517"}],"wp:attachment":[{"href":"https:\/\/www.redenoticia.com.br\/noticia\/wp-json\/wp\/v2\/media?parent=70725"}],"wp:term":[{"taxonomy":"category","embeddable":true,"href":"https:\/\/www.redenoticia.com.br\/noticia\/wp-json\/wp\/v2\/categories?post=70725"},{"taxonomy":"post_tag","embeddable":true,"href":"https:\/\/www.redenoticia.com.br\/noticia\/wp-json\/wp\/v2\/tags?post=70725"}],"curies":[{"name":"wp","href":"https:\/\/api.w.org\/{rel}","templated":true}]}}