{"id":70722,"date":"2015-05-28T15:13:38","date_gmt":"2015-05-28T18:13:38","guid":{"rendered":"http:\/\/www.redenoticia.com.br\/noticia\/?p=70722"},"modified":"2015-05-28T15:13:38","modified_gmt":"2015-05-28T18:13:38","slug":"juros-chegam-ao-recorde-de-561-ao-ano-em-abril-informa-o-bc","status":"publish","type":"post","link":"https:\/\/www.redenoticia.com.br\/noticia\/2015\/juros-chegam-ao-recorde-de-561-ao-ano-em-abril-informa-o-bc\/70722","title":{"rendered":"Juros chegam ao recorde de 56,1% ao ano em abril, informa o BC"},"content":{"rendered":"<p> A <strong><em>taxa m\u00e9dia de juros<\/em><\/strong> do cr\u00e9dito para as fam\u00edlias subiu em abril, de acordo com dados do Banco Central (BC). De mar\u00e7o para o m\u00eas passado, a alta chegou a 1,7 ponto percentual, com a taxa de 56,1% ao ano, a mais alta da s\u00e9rie hist\u00f3rica do BC, iniciada em mar\u00e7o de 2011.<\/p>\n<p>A inadimpl\u00eancia, considerados atrasos superiores a 90 dias, teve leve alta de 0,1% e ficou em 5,3% para as pessoas f\u00edsicas.<\/p>\n<p>A taxa de juros mais alta na pesquisa do BC \u00e9 a do rotativo do cart\u00e3o de cr\u00e9dito, que subiu 1,7 ponto percentual para 347,5% ao ano. A taxa m\u00e9dia das compras parceladas com juros, do parcelamento da fatura do cart\u00e3o de cr\u00e9dito e dos saques parcelados subiu 3,1 pontos percentuais para 114,6% ao ano.<\/p>\n<p>A taxa do cheque especial chegou a 226% ao ano, em abril, com alta de 5,6 pontos percentuais. J\u00e1 a taxa do cr\u00e9dito consignado (com desconto em folha de pagamento) chegou a 26,9% ao ano.<\/p>\n<p>A taxa m\u00e9dia do cr\u00e9dito para as empresas subiu 0,1 ponto percentual, para 26,6% ao ano. A inadimpl\u00eancia das empresas subiu 0,2 ponto percentual, para 3,9%.<\/p>\n<p>Esses dados s\u00e3o do cr\u00e9dito livre, em que os bancos t\u00eam autonomia para aplicar o dinheiro captado no mercado e definir as taxas de juros.<\/p>\n<p>No caso do direcionado (empr\u00e9stimos com regras definidas pelo governo, destinados, basicamente, aos setores habitacional, rural e de infraestrutura), a taxa de juros do cr\u00e9dito para as empresas subiu 0,6 ponto percentual para 9% ao ano. No caso das fam\u00edlias, houve redu\u00e7\u00e3o de 0,1 ponto percentual, com taxa em 8,4% ao ano.<\/p>\n<p>A inadimpl\u00eancia do cr\u00e9dito direcionado subiu 0,1% tanto para empresas (0,7%) quanto para pessoas f\u00edsicas (1,9%).<\/p>\n<p>O saldo das opera\u00e7\u00f5es de cr\u00e9dito no pa\u00eds chegou a R$ 3,061 trilh\u00f5es, em abril, com crescimento de 0,1% no m\u00eas e 10,5% em 12 meses. No ano, a expans\u00e3o ficou em 1,4%.<\/p>\n<p>Kelly Oliveira \u2013 Rep\u00f3rter da Ag\u00eancia Brasil<br \/>\nEdi\u00e7\u00e3o: Jos\u00e9 Romildo<\/p>\n","protected":false},"excerpt":{"rendered":"<p>A taxa m\u00e9dia de juros do cr\u00e9dito para as fam\u00edlias subiu em abril, de acordo com dados do Banco Central (BC). De mar\u00e7o para o m\u00eas passado, a alta chegou a 1,7 ponto percentual, com a taxa de 56,1% ao ano, a mais alta da s\u00e9rie hist\u00f3rica do BC, iniciada em mar\u00e7o de 2011. A [&hellip;]<\/p>\n","protected":false},"author":2,"featured_media":57584,"comment_status":"open","ping_status":"closed","sticky":false,"template":"","format":"standard","meta":{"_genesis_hide_title":false,"_genesis_hide_breadcrumbs":false,"_genesis_hide_singular_image":false,"_genesis_hide_footer_widgets":false,"_genesis_custom_body_class":"","_genesis_custom_post_class":"","_genesis_layout":"","_jetpack_memberships_contains_paid_content":false,"footnotes":""},"categories":[22,7],"tags":[],"class_list":{"0":"post-70722","1":"post","2":"type-post","3":"status-publish","4":"format-standard","5":"has-post-thumbnail","7":"category-brasil","8":"category-economia","9":"entry","10":"gs-1","11":"gs-odd","12":"gs-even","13":"gs-featured-content-entry"},"jetpack_featured_media_url":"https:\/\/www.redenoticia.com.br\/noticia\/imagens\/economia-grafica-analise-inflacao.jpg","jetpack_sharing_enabled":true,"jetpack_likes_enabled":true,"_links":{"self":[{"href":"https:\/\/www.redenoticia.com.br\/noticia\/wp-json\/wp\/v2\/posts\/70722","targetHints":{"allow":["GET"]}}],"collection":[{"href":"https:\/\/www.redenoticia.com.br\/noticia\/wp-json\/wp\/v2\/posts"}],"about":[{"href":"https:\/\/www.redenoticia.com.br\/noticia\/wp-json\/wp\/v2\/types\/post"}],"author":[{"embeddable":true,"href":"https:\/\/www.redenoticia.com.br\/noticia\/wp-json\/wp\/v2\/users\/2"}],"replies":[{"embeddable":true,"href":"https:\/\/www.redenoticia.com.br\/noticia\/wp-json\/wp\/v2\/comments?post=70722"}],"version-history":[{"count":0,"href":"https:\/\/www.redenoticia.com.br\/noticia\/wp-json\/wp\/v2\/posts\/70722\/revisions"}],"wp:featuredmedia":[{"embeddable":true,"href":"https:\/\/www.redenoticia.com.br\/noticia\/wp-json\/wp\/v2\/media\/57584"}],"wp:attachment":[{"href":"https:\/\/www.redenoticia.com.br\/noticia\/wp-json\/wp\/v2\/media?parent=70722"}],"wp:term":[{"taxonomy":"category","embeddable":true,"href":"https:\/\/www.redenoticia.com.br\/noticia\/wp-json\/wp\/v2\/categories?post=70722"},{"taxonomy":"post_tag","embeddable":true,"href":"https:\/\/www.redenoticia.com.br\/noticia\/wp-json\/wp\/v2\/tags?post=70722"}],"curies":[{"name":"wp","href":"https:\/\/api.w.org\/{rel}","templated":true}]}}