{"id":70677,"date":"2015-05-27T18:27:44","date_gmt":"2015-05-27T21:27:44","guid":{"rendered":"http:\/\/www.redenoticia.com.br\/noticia\/?p=70677"},"modified":"2015-05-27T18:27:44","modified_gmt":"2015-05-27T21:27:44","slug":"governo-reduz-para-1-projecao-de-crescimento-do-pib-em-2016","status":"publish","type":"post","link":"https:\/\/www.redenoticia.com.br\/noticia\/2015\/governo-reduz-para-1-projecao-de-crescimento-do-pib-em-2016\/70677","title":{"rendered":"Governo reduz para 1% proje\u00e7\u00e3o de crescimento do PIB em 2016"},"content":{"rendered":"<p> O ministro do Planejamento, Or\u00e7amento e Gest\u00e3o, Nelson Barbosa, revelou uma <strong><em>estimativa de crescimento<\/em><\/strong> do Produto Interno Bruto (PIB, soma dos bens e servi\u00e7os produzidos em um pa\u00eds) diferente da que constava da proposta da Lei de Diretrizes Or\u00e7ament\u00e1rias (LDO) de 2016, enviada ao Congresso em abril deste ano. O ministro apresentou proje\u00e7\u00f5es revistas do cen\u00e1rio econ\u00f4mico, que preveem que o PIB crescer\u00e1 1%, e n\u00e3o mais 1,3%, como havia sido calculado.<\/p>\n<p>Outra mudan\u00e7a nas proje\u00e7\u00f5es diz respeito ao sal\u00e1rio m\u00ednimo &#8211; que deveria chegar a R$ 854 no ano que vem. O valor foi elevado em R$ 1, para R$ 855. Atualmente, o sal\u00e1rio m\u00ednimo \u00e9 R$ 788. As demais proje\u00e7\u00f5es da proposta da LDO de 2016 s\u00e3o infla\u00e7\u00e3o medida pelo \u00cdndice de Pre\u00e7os ao Consumidor Amplo (IPCA) em 5,6%. A Selic, taxa b\u00e1sica de juros da economia, deve ficar em 11,5% ao ano. O c\u00e2mbio foi projetado em R$ 3,30. Para 2015, as previs\u00f5es s\u00e3o queda de 1,2% do PIB, IPCA em 8,26% e Selic em 13,25%. O c\u00e2mbio, para a equipe econ\u00f4mica, encerrar\u00e1 este ano cotado a R$ 3,22.<\/p>\n<p>Nelson Barbosa participa de audi\u00eancia com parlamentares da Comiss\u00e3o Mista de Planos, Or\u00e7amentos P\u00fablicos e Fiscaliza\u00e7\u00e3o. Ele fala sobre a proposta da LDO para o ano que vem e sobre o contingenciamento de R$ 69,9 bilh\u00f5es anunciado para o or\u00e7amento neste ano.<\/p>\n<p>Mariana Branco &#8211; Rep\u00f3rter da Ag\u00eancia Brasil<br \/>\nEdi\u00e7\u00e3o: Beto Coura<\/p>\n","protected":false},"excerpt":{"rendered":"<p>O ministro do Planejamento, Or\u00e7amento e Gest\u00e3o, Nelson Barbosa, revelou uma estimativa de crescimento do Produto Interno Bruto (PIB, soma dos bens e servi\u00e7os produzidos em um pa\u00eds) diferente da que constava da proposta da Lei de Diretrizes Or\u00e7ament\u00e1rias (LDO) de 2016, enviada ao Congresso em abril deste ano. O ministro apresentou proje\u00e7\u00f5es revistas do [&hellip;]<\/p>\n","protected":false},"author":2,"featured_media":40517,"comment_status":"open","ping_status":"closed","sticky":false,"template":"","format":"standard","meta":{"_genesis_hide_title":false,"_genesis_hide_breadcrumbs":false,"_genesis_hide_singular_image":false,"_genesis_hide_footer_widgets":false,"_genesis_custom_body_class":"","_genesis_custom_post_class":"","_genesis_layout":"","_jetpack_memberships_contains_paid_content":false,"footnotes":""},"categories":[22,7],"tags":[],"class_list":{"0":"post-70677","1":"post","2":"type-post","3":"status-publish","4":"format-standard","5":"has-post-thumbnail","7":"category-brasil","8":"category-economia","9":"entry","10":"gs-1","11":"gs-odd","12":"gs-even","13":"gs-featured-content-entry"},"jetpack_featured_media_url":"https:\/\/www.redenoticia.com.br\/noticia\/imagens\/economia-previsao.jpg","jetpack_sharing_enabled":true,"jetpack_likes_enabled":true,"_links":{"self":[{"href":"https:\/\/www.redenoticia.com.br\/noticia\/wp-json\/wp\/v2\/posts\/70677","targetHints":{"allow":["GET"]}}],"collection":[{"href":"https:\/\/www.redenoticia.com.br\/noticia\/wp-json\/wp\/v2\/posts"}],"about":[{"href":"https:\/\/www.redenoticia.com.br\/noticia\/wp-json\/wp\/v2\/types\/post"}],"author":[{"embeddable":true,"href":"https:\/\/www.redenoticia.com.br\/noticia\/wp-json\/wp\/v2\/users\/2"}],"replies":[{"embeddable":true,"href":"https:\/\/www.redenoticia.com.br\/noticia\/wp-json\/wp\/v2\/comments?post=70677"}],"version-history":[{"count":0,"href":"https:\/\/www.redenoticia.com.br\/noticia\/wp-json\/wp\/v2\/posts\/70677\/revisions"}],"wp:featuredmedia":[{"embeddable":true,"href":"https:\/\/www.redenoticia.com.br\/noticia\/wp-json\/wp\/v2\/media\/40517"}],"wp:attachment":[{"href":"https:\/\/www.redenoticia.com.br\/noticia\/wp-json\/wp\/v2\/media?parent=70677"}],"wp:term":[{"taxonomy":"category","embeddable":true,"href":"https:\/\/www.redenoticia.com.br\/noticia\/wp-json\/wp\/v2\/categories?post=70677"},{"taxonomy":"post_tag","embeddable":true,"href":"https:\/\/www.redenoticia.com.br\/noticia\/wp-json\/wp\/v2\/tags?post=70677"}],"curies":[{"name":"wp","href":"https:\/\/api.w.org\/{rel}","templated":true}]}}