{"id":70628,"date":"2015-05-26T12:10:31","date_gmt":"2015-05-26T15:10:31","guid":{"rendered":"http:\/\/www.redenoticia.com.br\/noticia\/?p=70628"},"modified":"2015-05-26T12:10:31","modified_gmt":"2015-05-26T15:10:31","slug":"utilizacao-da-capacidade-da-industria-atinge-menor-nivel-para-abril-desde-2009","status":"publish","type":"post","link":"https:\/\/www.redenoticia.com.br\/noticia\/2015\/utilizacao-da-capacidade-da-industria-atinge-menor-nivel-para-abril-desde-2009\/70628","title":{"rendered":"Utiliza\u00e7\u00e3o da capacidade da ind\u00fastria atinge menor n\u00edvel para abril desde 2009"},"content":{"rendered":"<p>A <em><strong>atividade industrial<\/strong><\/em> caiu em abril e atingiu o menor n\u00edvel para o m\u00eas em seis anos. Segundo a Sondagem Industrial, divulgada pela Confedera\u00e7\u00e3o Nacional da Ind\u00fastria (CNI), o setor trabalhou com 67% da capacidade instalada, 4 pontos percentuais abaixo da de abril do ano passado e no menor n\u00edvel para o m\u00eas desde 2009.<\/p>\n<p>Na escala elaborada pela CNI, a utiliza\u00e7\u00e3o da capacidade instalada efetiva em rela\u00e7\u00e3o ao usual ficou em 35,6 pontos no m\u00eas passado e a evolu\u00e7\u00e3o da produ\u00e7\u00e3o, em 39,7 pontos. Os indicadores variam de 0 a 100. Abaixo de 50 pontos, o \u00edndice mostra queda nos indicadores. Em rela\u00e7\u00e3o ao mercado de trabalho, o \u00edndice do n\u00famero de empregados ficou em 43,1 pontos, tamb\u00e9m o menor da s\u00e9rie hist\u00f3rica.<\/p>\n<p>De acordo com a CNI, a queda na produ\u00e7\u00e3o \u00e9 intensa e est\u00e1 disseminada entre os setores, sobretudo nas empresas de m\u00e9dio e de pequeno porte. O indicador de estoques atingiu 51,8 pontos, indicando alta nos estoques das f\u00e1bricas como resultado da queda das vendas.<\/p>\n<p>Em rela\u00e7\u00e3o \u00e0s expectativas dos empres\u00e1rios para os pr\u00f3ximos meses, a pesquisa confirmou a manuten\u00e7\u00e3o do pessimismo. Todos os indicadores ficaram abaixo da linha de 50 pontos. A expectativa de aumento de demanda caiu para 45,9 pontos em maio, ante 47,9 pontos em abril. O \u00edndice de perspectiva de aumento de exporta\u00e7\u00f5es registrou 48,6 pontos.<\/p>\n<p>O indicador de compras de mat\u00e9rias-primas ficou em 44,1 pontos. A expectativa de aumento do n\u00famero de empregados atingiu 42,1 pontos. O \u00edndice de inten\u00e7\u00e3o de investimentos caiu pelo quinto m\u00eas seguido, para 44,2 pontos em maio, aumentando para 8,2 pontos o recuo acumulado no ano.<\/p>\n<p>A CNI ouviu 2.327 empresas entre 4 e 13 de maio. Do total, 956 s\u00e3o pequena; 817, m\u00e9dias; e 554, de grande porte.<\/p>\n<p>Wellton M\u00e1ximo \u2013 Rep\u00f3rter da Ag\u00eancia Brasil<\/p>\n<p>Edi\u00e7\u00e3o: Marcos Chagas<\/p>\n","protected":false},"excerpt":{"rendered":"<p>A atividade industrial caiu em abril e atingiu o menor n\u00edvel para o m\u00eas em seis anos. Segundo a Sondagem Industrial, divulgada pela Confedera\u00e7\u00e3o Nacional da Ind\u00fastria (CNI), o setor trabalhou com 67% da capacidade instalada, 4 pontos percentuais abaixo da de abril do ano passado e no menor n\u00edvel para o m\u00eas desde 2009. [&hellip;]<\/p>\n","protected":false},"author":2,"featured_media":38938,"comment_status":"open","ping_status":"closed","sticky":false,"template":"","format":"standard","meta":{"_genesis_hide_title":false,"_genesis_hide_breadcrumbs":false,"_genesis_hide_singular_image":false,"_genesis_hide_footer_widgets":false,"_genesis_custom_body_class":"","_genesis_custom_post_class":"","_genesis_layout":"","_jetpack_memberships_contains_paid_content":false,"footnotes":""},"categories":[22],"tags":[],"class_list":{"0":"post-70628","1":"post","2":"type-post","3":"status-publish","4":"format-standard","5":"has-post-thumbnail","7":"category-brasil","8":"entry","9":"gs-1","10":"gs-odd","11":"gs-even","12":"gs-featured-content-entry"},"jetpack_featured_media_url":"https:\/\/www.redenoticia.com.br\/noticia\/imagens\/economia1.jpg","jetpack_sharing_enabled":true,"jetpack_likes_enabled":true,"_links":{"self":[{"href":"https:\/\/www.redenoticia.com.br\/noticia\/wp-json\/wp\/v2\/posts\/70628","targetHints":{"allow":["GET"]}}],"collection":[{"href":"https:\/\/www.redenoticia.com.br\/noticia\/wp-json\/wp\/v2\/posts"}],"about":[{"href":"https:\/\/www.redenoticia.com.br\/noticia\/wp-json\/wp\/v2\/types\/post"}],"author":[{"embeddable":true,"href":"https:\/\/www.redenoticia.com.br\/noticia\/wp-json\/wp\/v2\/users\/2"}],"replies":[{"embeddable":true,"href":"https:\/\/www.redenoticia.com.br\/noticia\/wp-json\/wp\/v2\/comments?post=70628"}],"version-history":[{"count":0,"href":"https:\/\/www.redenoticia.com.br\/noticia\/wp-json\/wp\/v2\/posts\/70628\/revisions"}],"wp:featuredmedia":[{"embeddable":true,"href":"https:\/\/www.redenoticia.com.br\/noticia\/wp-json\/wp\/v2\/media\/38938"}],"wp:attachment":[{"href":"https:\/\/www.redenoticia.com.br\/noticia\/wp-json\/wp\/v2\/media?parent=70628"}],"wp:term":[{"taxonomy":"category","embeddable":true,"href":"https:\/\/www.redenoticia.com.br\/noticia\/wp-json\/wp\/v2\/categories?post=70628"},{"taxonomy":"post_tag","embeddable":true,"href":"https:\/\/www.redenoticia.com.br\/noticia\/wp-json\/wp\/v2\/tags?post=70628"}],"curies":[{"name":"wp","href":"https:\/\/api.w.org\/{rel}","templated":true}]}}