{"id":70626,"date":"2015-05-26T12:07:15","date_gmt":"2015-05-26T15:07:15","guid":{"rendered":"http:\/\/www.redenoticia.com.br\/noticia\/?p=70626"},"modified":"2015-05-26T12:07:15","modified_gmt":"2015-05-26T15:07:15","slug":"mercado-sobe-projecao-da-selic-para-1375-este-ano","status":"publish","type":"post","link":"https:\/\/www.redenoticia.com.br\/noticia\/2015\/mercado-sobe-projecao-da-selic-para-1375-este-ano\/70626","title":{"rendered":"Mercado sobe proje\u00e7\u00e3o da Selic para 13,75% este ano"},"content":{"rendered":"<p>O Banco Central (BC) informou que analistas e investidores do mercado financeiro elevaram a previs\u00e3o de fechamento da Selic, <em><strong>taxa b\u00e1sica de juros da economia<\/strong><\/em>, para 2015. A proje\u00e7\u00e3o passou de 13,5% para 13,75% ao ano.<\/p>\n<p>Como atualmente a Selic, instrumento do BC para controle da infla\u00e7\u00e3o, est\u00e1 em 13,25%, isso implica aumento de 0,5 ponto percentual na taxa at\u00e9 o fim do ano. De outubro de 2014 para c\u00e1, a Selic j\u00e1 subiu 2,25 pontos percentuais.<\/p>\n<p>A estimativa para a taxa b\u00e1sica est\u00e1 no boletim Focus, pesquisa semanal do BC junto a institui\u00e7\u00f5es financeiras. Os analistas ouvidos pelo Focus tamb\u00e9m voltaram a elevar a previs\u00e3o de fechamento da infla\u00e7\u00e3o medida pelo \u00cdndice de Pre\u00e7os ao Consumidor Amplo (IPCA) para 2015. A estimativa de alta, que estava em 8,31%, agora \u00e9 8,37%.<\/p>\n<p>O IPCA, considerado o \u00edndice oficial de infla\u00e7\u00e3o do pa\u00eds, \u00e9 calculado pelo Instituto Brasileiro de Geografia e Estat\u00edstica (IBGE) e utilizado pela autoridade monet\u00e1ria para o acompanhamento dos objetivos estabelecidos pelo sistema de metas de infla\u00e7\u00e3o. Al\u00e9m do IPCA, o mercado ampliou a previs\u00e3o de alta para os pre\u00e7os administrados, como o da energia e da gasolina, de 13,5% para 13,7%.<\/p>\n<p>Os analistas tamb\u00e9m preveem uma queda maior do Produto Interno Bruto (PIB, soma dos bens e servi\u00e7os produzidos em um pa\u00eds). A estimativa para o PIB na semana anterior era 1,2%. Nesta semana, a previs\u00e3o \u00e9 recuo de 1,24% em 2015. J\u00e1 a proje\u00e7\u00e3o de queda da produ\u00e7\u00e3o industrial permaneceu em 2,8%. A estimativa para o c\u00e2mbio ao fim de 2015 continuou em R$ 3,20.<\/p>\n<p>A expectativa para a d\u00edvida l\u00edquida do setor p\u00fablico ficou em 37,9% do PIB. A proje\u00e7\u00e3o do d\u00e9ficit em conta-corrente, que mede a qualidade das contas externas, subiu de US$ 82,4 bilh\u00f5es para US$ 83,8 bilh\u00f5es. O saldo projetado para a balan\u00e7a comercial permanece positivo em US$ 3 bilh\u00f5es. Os investimentos estrangeiros estimados subiram de US$ 61 bilh\u00f5es para US$ 65,5 bilh\u00f5es.<\/p>\n<p>Mariana Branco &#8211; Rep\u00f3rter da Ag\u00eancia Brasil<\/p>\n<p>Edi\u00e7\u00e3o: Jos\u00e9 Romildo<\/p>\n","protected":false},"excerpt":{"rendered":"<p>O Banco Central (BC) informou que analistas e investidores do mercado financeiro elevaram a previs\u00e3o de fechamento da Selic, taxa b\u00e1sica de juros da economia, para 2015. A proje\u00e7\u00e3o passou de 13,5% para 13,75% ao ano. Como atualmente a Selic, instrumento do BC para controle da infla\u00e7\u00e3o, est\u00e1 em 13,25%, isso implica aumento de 0,5 [&hellip;]<\/p>\n","protected":false},"author":2,"featured_media":57583,"comment_status":"open","ping_status":"closed","sticky":false,"template":"","format":"standard","meta":{"_genesis_hide_title":false,"_genesis_hide_breadcrumbs":false,"_genesis_hide_singular_image":false,"_genesis_hide_footer_widgets":false,"_genesis_custom_body_class":"","_genesis_custom_post_class":"","_genesis_layout":"","_jetpack_memberships_contains_paid_content":false,"footnotes":""},"categories":[22,7],"tags":[],"class_list":{"0":"post-70626","1":"post","2":"type-post","3":"status-publish","4":"format-standard","5":"has-post-thumbnail","7":"category-brasil","8":"category-economia","9":"entry","10":"gs-1","11":"gs-odd","12":"gs-even","13":"gs-featured-content-entry"},"jetpack_featured_media_url":"https:\/\/www.redenoticia.com.br\/noticia\/imagens\/economia-grafico.jpg","jetpack_sharing_enabled":true,"jetpack_likes_enabled":true,"_links":{"self":[{"href":"https:\/\/www.redenoticia.com.br\/noticia\/wp-json\/wp\/v2\/posts\/70626","targetHints":{"allow":["GET"]}}],"collection":[{"href":"https:\/\/www.redenoticia.com.br\/noticia\/wp-json\/wp\/v2\/posts"}],"about":[{"href":"https:\/\/www.redenoticia.com.br\/noticia\/wp-json\/wp\/v2\/types\/post"}],"author":[{"embeddable":true,"href":"https:\/\/www.redenoticia.com.br\/noticia\/wp-json\/wp\/v2\/users\/2"}],"replies":[{"embeddable":true,"href":"https:\/\/www.redenoticia.com.br\/noticia\/wp-json\/wp\/v2\/comments?post=70626"}],"version-history":[{"count":0,"href":"https:\/\/www.redenoticia.com.br\/noticia\/wp-json\/wp\/v2\/posts\/70626\/revisions"}],"wp:featuredmedia":[{"embeddable":true,"href":"https:\/\/www.redenoticia.com.br\/noticia\/wp-json\/wp\/v2\/media\/57583"}],"wp:attachment":[{"href":"https:\/\/www.redenoticia.com.br\/noticia\/wp-json\/wp\/v2\/media?parent=70626"}],"wp:term":[{"taxonomy":"category","embeddable":true,"href":"https:\/\/www.redenoticia.com.br\/noticia\/wp-json\/wp\/v2\/categories?post=70626"},{"taxonomy":"post_tag","embeddable":true,"href":"https:\/\/www.redenoticia.com.br\/noticia\/wp-json\/wp\/v2\/tags?post=70626"}],"curies":[{"name":"wp","href":"https:\/\/api.w.org\/{rel}","templated":true}]}}