{"id":70619,"date":"2015-05-26T11:59:52","date_gmt":"2015-05-26T14:59:52","guid":{"rendered":"http:\/\/www.redenoticia.com.br\/noticia\/?p=70619"},"modified":"2015-05-26T11:59:52","modified_gmt":"2015-05-26T14:59:52","slug":"nivel-do-sistema-cantareira-esta-em-151-do-volume-total","status":"publish","type":"post","link":"https:\/\/www.redenoticia.com.br\/noticia\/2015\/nivel-do-sistema-cantareira-esta-em-151-do-volume-total\/70619","title":{"rendered":"N\u00edvel do sistema Cantareira est\u00e1 em 15,1% do volume total"},"content":{"rendered":"<p>O projeto \u00c1guas Futuras emite boletim semanal relatando o que se passou na semana anterior e quais s\u00e3o as atuais proje\u00e7\u00f5es sobre o reservat\u00f3rio <em><strong>Cantareira<\/strong><\/em>.<\/p>\n<p>Dia 25 de maio, o n\u00edvel do sistema Cantareira est\u00e1 em 15,1% do volume total. &#8220;Isto quer dizer que ainda estamos abaixo da linha do volume morto. Para melhor comparamos a situa\u00e7\u00e3o de hoje com as anteriores, usamos o \u00edndice tradicional da SABESP, que faz refer\u00eancia ao volume \u00fatil, n\u00e3o incluindo o volume morto. Neste referencial, estamos hoje em um n\u00edvel negativo de -9,7%. Em 25 de maio de 2014, o n\u00edvel estava em 7,1%, positivos&#8221;, explicam os respons\u00e1veis pelo projeto.<\/p>\n<p>O boletim completo est\u00e1 dispon\u00edvel aqui em pdf e tamb\u00e9m pode ser acessado no blog<br \/>\nMais informa\u00e7\u00f5es:  , espa\u00e7o que continua sendo atualizado diariamente.<\/p>\n<p>Sobre o \u00c1guas Futuras<\/p>\n<p>Renato Coutinho e Roberto Andr\u00e9 Kraenkel, do Instituto de F\u00edsica Te\u00f3rica (IFT), e Paulo Prado (IBUSP) lan\u00e7aram site com proje\u00e7\u00f5es para o volume de \u00e1gua no sistema de reservat\u00f3rios Cantareira, que abastece S\u00e3o Paulo.<\/p>\n<p>Trata-se de um modelo matem\u00e1tico dado por uma equa\u00e7\u00e3o diferencial estoc\u00e1stica que permite proje\u00e7\u00f5es de at\u00e9 30 dias. \u00c9 tamb\u00e9m uma iniciativa para contribuir para o debate p\u00fablico com suporte cient\u00edfico, transparente e com programas e dados de distribui\u00e7\u00e3o livre.<\/p>\n<p>Os pesquisadores informam que a experi\u00eancia em modelagem matem\u00e1tica em ecologia poderia ser \u00fatil para a compreens\u00e3o da din\u00e2mica de reservat\u00f3rios. Usaram esse conhecimento para descrever as mudan\u00e7as de volume de \u00e1gua no sistema Cantareira com um modelo matem\u00e1tico simples, que pode ser verificado por outros pesquisadores.<\/p>\n<p>As proje\u00e7\u00f5es s\u00e3o atualizadas a cada dia e podem ser reproduzidas em um computador pessoal. &#8220;Esperamos que possam somar-se a outros instrumentos de gest\u00e3o, como modelos mais complexos de m\u00e9dio prazo (por exemplo, o do CEMADEN &#8211; Centro Nacional de Monitoramento e Alertas de Desastres Naturais)&#8221;, informam. &#8220;Dessa forma mostramos que \u00e9 poss\u00edvel contribuir para o debate p\u00fablico de forma fundamentada e transparente&#8221;.<\/p>\n<p>A p\u00e1gina mant\u00e9m links para os programas e dados utilizados, de forma a permitir sua apura\u00e7\u00e3o. Oferece tamb\u00e9m a possibilidade de utiliza\u00e7\u00e3o dos dados por grupos ou pessoas que queiram desenvolver outros projetos.<\/p>\n<p>O modelo<\/p>\n<p>Foi criado um modelo matem\u00e1tico simples que leva em conta pluviometria e processos hidrol\u00f3gicos. Tecnicamente trata-se de uma equa\u00e7\u00e3o diferencial estoc\u00e1stica em que a varia\u00e7\u00e3o do volume \u00e9 dada pelo balan\u00e7o de entradas e sa\u00eddas de \u00e1gua do reservat\u00f3rio. A entrada (vaz\u00e3o afluente), por sua vez, depende da propor\u00e7\u00e3o de chuva que vira \u00e1gua no reservat\u00f3rio, a chamada rela\u00e7\u00e3o precipita\u00e7\u00e3o-vaz\u00e3o. Supomos que esta rela\u00e7\u00e3o depende tanto da quantidade de chuva quanto do pr\u00f3prio volume de \u00e1gua armazenado, que serve de substituto para n\u00edvel de encharcamento do solo.<\/p>\n<p>Para fazer proje\u00e7\u00f5es, foi calibrado o modelo com dados de seis meses anteriores. Feito isso, validou-se o modelo fazendo previs\u00f5es no passado e comparando com o que de fato ocorreu. Uma vez conclu\u00eddo este processo, os pesquisadores fizeram duas proje\u00e7\u00f5es: &#8220;para cinco dias&#8221;, apoiada na previs\u00e3o meteorol\u00f3gica para o Cantareira; &#8220;para trinta dias&#8221;, embasada em m\u00e9dias hist\u00f3ricas de precipita\u00e7\u00e3o. A valida\u00e7\u00e3o do modelo mostrou que proje\u00e7\u00f5es para at\u00e9 trinta dias s\u00e3o acuradas.<\/p>\n<p>Autores<\/p>\n<p>Grupo de Biologia Matem\u00e1tica, IFT &#8211; Unesp<br \/>\nRenato Mendes Coutinho \u00e9 doutor em f\u00edsica pelo Instituto de F\u00edsica Te\u00f3rica &#8211; Unesp e p\u00f3s-doc no mesmo instituto.<br \/>\nrenatomc@ift.unesp.br<\/p>\n<p>Roberto Andr\u00e9 Kraenkel \u00e9 doutor em f\u00edsica e pesquisador do Instituto de F\u00edsica Te\u00f3rica &#8211; Unesp.<br \/>\nkraenkel@ift.unesp.br<\/p>\n<p>Laborat\u00f3rio de Ecologia Te\u00f3rica, IB &#8211; USP<br \/>\nPaulo In\u00e1cio K. L. Prado \u00e9 doutor em ecologia e professor do Instituto de Bioci\u00eancias da USP.<br \/>\nprado@ib.usp.br<\/p>\n","protected":false},"excerpt":{"rendered":"<p>O projeto \u00c1guas Futuras emite boletim semanal relatando o que se passou na semana anterior e quais s\u00e3o as atuais proje\u00e7\u00f5es sobre o reservat\u00f3rio Cantareira. Dia 25 de maio, o n\u00edvel do sistema Cantareira est\u00e1 em 15,1% do volume total. &#8220;Isto quer dizer que ainda estamos abaixo da linha do volume morto. Para melhor comparamos [&hellip;]<\/p>\n","protected":false},"author":2,"featured_media":34905,"comment_status":"open","ping_status":"closed","sticky":false,"template":"","format":"standard","meta":{"_genesis_hide_title":false,"_genesis_hide_breadcrumbs":false,"_genesis_hide_singular_image":false,"_genesis_hide_footer_widgets":false,"_genesis_custom_body_class":"","_genesis_custom_post_class":"","_genesis_layout":"","_jetpack_memberships_contains_paid_content":false,"footnotes":""},"categories":[22],"tags":[],"class_list":{"0":"post-70619","1":"post","2":"type-post","3":"status-publish","4":"format-standard","5":"has-post-thumbnail","7":"category-brasil","8":"entry","9":"gs-1","10":"gs-odd","11":"gs-even","12":"gs-featured-content-entry"},"jetpack_featured_media_url":"https:\/\/www.redenoticia.com.br\/noticia\/imagens\/codigo-florestal.jpg","jetpack_sharing_enabled":true,"jetpack_likes_enabled":true,"_links":{"self":[{"href":"https:\/\/www.redenoticia.com.br\/noticia\/wp-json\/wp\/v2\/posts\/70619","targetHints":{"allow":["GET"]}}],"collection":[{"href":"https:\/\/www.redenoticia.com.br\/noticia\/wp-json\/wp\/v2\/posts"}],"about":[{"href":"https:\/\/www.redenoticia.com.br\/noticia\/wp-json\/wp\/v2\/types\/post"}],"author":[{"embeddable":true,"href":"https:\/\/www.redenoticia.com.br\/noticia\/wp-json\/wp\/v2\/users\/2"}],"replies":[{"embeddable":true,"href":"https:\/\/www.redenoticia.com.br\/noticia\/wp-json\/wp\/v2\/comments?post=70619"}],"version-history":[{"count":0,"href":"https:\/\/www.redenoticia.com.br\/noticia\/wp-json\/wp\/v2\/posts\/70619\/revisions"}],"wp:featuredmedia":[{"embeddable":true,"href":"https:\/\/www.redenoticia.com.br\/noticia\/wp-json\/wp\/v2\/media\/34905"}],"wp:attachment":[{"href":"https:\/\/www.redenoticia.com.br\/noticia\/wp-json\/wp\/v2\/media?parent=70619"}],"wp:term":[{"taxonomy":"category","embeddable":true,"href":"https:\/\/www.redenoticia.com.br\/noticia\/wp-json\/wp\/v2\/categories?post=70619"},{"taxonomy":"post_tag","embeddable":true,"href":"https:\/\/www.redenoticia.com.br\/noticia\/wp-json\/wp\/v2\/tags?post=70619"}],"curies":[{"name":"wp","href":"https:\/\/api.w.org\/{rel}","templated":true}]}}