{"id":70589,"date":"2015-05-25T18:28:00","date_gmt":"2015-05-25T21:28:00","guid":{"rendered":"http:\/\/www.redenoticia.com.br\/noticia\/?p=70589"},"modified":"2015-05-25T18:28:00","modified_gmt":"2015-05-25T21:28:00","slug":"energia-eletrica-puxa-aumento-da-inflacao-semanal-mostra-fgv","status":"publish","type":"post","link":"https:\/\/www.redenoticia.com.br\/noticia\/2015\/energia-eletrica-puxa-aumento-da-inflacao-semanal-mostra-fgv\/70589","title":{"rendered":"Energia el\u00e9trica puxa aumento da infla\u00e7\u00e3o semanal, mostra FGV"},"content":{"rendered":"<p><strong><em>Infla\u00e7\u00e3o<\/em><\/strong> semanal: O \u00cdndice de Pre\u00e7os ao Consumidor Semanal (IPC-S) atingiu 0,68% na terceira pr\u00e9via de maio. A varia\u00e7\u00e3o foi 0,03 ponto percentual maior do que a registrada na apura\u00e7\u00e3o anterior, quando a taxa havia decrescido de 0,7% para 0,65%.<\/p>\n<p>Cinco dos oito grupos pesquisados apresentaram \u00edndices acima dos da pesquisa anterior, com destaque para habita\u00e7\u00e3o, cuja taxa passou de 0,64% para 0,74%. Assim como nas \u00faltimas pesquisas, a tarifa de energia el\u00e9trica est\u00e1 entre os itens de maior press\u00e3o inflacion\u00e1ria, com eleva\u00e7\u00e3o de 1,93%, acima da taxa anterior de 1,45%.<\/p>\n<p>Os dados s\u00e3o da pesquisa feita pelo Instituto Brasileiro de Economia da Funda\u00e7\u00e3o Getulio Vargas (Ibre-FGV), referente \u00e0 coleta de pre\u00e7os do per\u00edodo de 23 de abril a 22 de maio, comparada \u00e0s varia\u00e7\u00f5es de 23 de mar\u00e7o a 22 de abril.<\/p>\n<p>Em alimenta\u00e7\u00e3o, o \u00edndice subiu de 0,73% para 0,76%. Entre os itens que mais aumentaram nessa classe de despesas est\u00e3o as hortali\u00e7as e os legumes, cujo \u00edndice passou de 5,52% para 7,87%.<\/p>\n<p>No grupo transportes, a taxa passou de 0,07% para 0,12%, puxada pela venda de autom\u00f3veis usados. Na pesquisa anterior, os pre\u00e7os dos carros de passeio ca\u00edram 0,38%. Nesta mais recente, n\u00e3o houve varia\u00e7\u00e3o.<\/p>\n<p>Em educa\u00e7\u00e3o, leitura e recrea\u00e7\u00e3o, o \u00edndice aumentou de 0,39% para 0,42%, com os ingressos em salas de espet\u00e1culo corrigidos de 2,93% para 3,05%. No grupo despesas diversas, houve eleva\u00e7\u00e3o de 0,02 ponto percentual, com a taxa passando de 0,64% para 0,66%. Nesse caso, a varia\u00e7\u00e3o foi influenciada pelos jogos de loteria, cujos bilhetes aumentaram 2,5%.<\/p>\n<p>Nos outros tr\u00eas grupos, as varia\u00e7\u00f5es indicaram um ritmo mais lento de corre\u00e7\u00e3o ou queda de pre\u00e7os. Em vestu\u00e1rio, a taxa decresceu de 1,12% para 1%; em sa\u00fade e cuidados pessoais, de 1,55% para 1,51%; e em comunica\u00e7\u00e3o, houve recuo de -0,03% para -0,05%.<\/p>\n<p>Os itens de maior impacto inflacion\u00e1rio foram: tarifa de eletricidade residencial (1,93%), refei\u00e7\u00f5es em bares e restaurantes (0,98%), tomate (17,34%), cebola (22,33%) e aluguel residencial (0,69%). Em sentido oposto, os que mais contribu\u00edram para atenuar o avan\u00e7o da taxa foram: tangerina (-24,91%), gasolina (-0,54%), mam\u00e3o papaya (-12,76%), alface (-6,69%) e tarifa de telefone residencial (-0,89%).<\/p>\n<p>Marli Moreira \u2013 Rep\u00f3rter da Ag\u00eancia Brasil<br \/>\nEdi\u00e7\u00e3o: Denise Griesinger<\/p>\n","protected":false},"excerpt":{"rendered":"<p>Infla\u00e7\u00e3o semanal: O \u00cdndice de Pre\u00e7os ao Consumidor Semanal (IPC-S) atingiu 0,68% na terceira pr\u00e9via de maio. A varia\u00e7\u00e3o foi 0,03 ponto percentual maior do que a registrada na apura\u00e7\u00e3o anterior, quando a taxa havia decrescido de 0,7% para 0,65%. Cinco dos oito grupos pesquisados apresentaram \u00edndices acima dos da pesquisa anterior, com destaque para [&hellip;]<\/p>\n","protected":false},"author":2,"featured_media":57584,"comment_status":"open","ping_status":"closed","sticky":false,"template":"","format":"standard","meta":{"_genesis_hide_title":false,"_genesis_hide_breadcrumbs":false,"_genesis_hide_singular_image":false,"_genesis_hide_footer_widgets":false,"_genesis_custom_body_class":"","_genesis_custom_post_class":"","_genesis_layout":"","_jetpack_memberships_contains_paid_content":false,"footnotes":""},"categories":[22,7],"tags":[],"class_list":{"0":"post-70589","1":"post","2":"type-post","3":"status-publish","4":"format-standard","5":"has-post-thumbnail","7":"category-brasil","8":"category-economia","9":"entry","10":"gs-1","11":"gs-odd","12":"gs-even","13":"gs-featured-content-entry"},"jetpack_featured_media_url":"https:\/\/www.redenoticia.com.br\/noticia\/imagens\/economia-grafica-analise-inflacao.jpg","jetpack_sharing_enabled":true,"jetpack_likes_enabled":true,"_links":{"self":[{"href":"https:\/\/www.redenoticia.com.br\/noticia\/wp-json\/wp\/v2\/posts\/70589","targetHints":{"allow":["GET"]}}],"collection":[{"href":"https:\/\/www.redenoticia.com.br\/noticia\/wp-json\/wp\/v2\/posts"}],"about":[{"href":"https:\/\/www.redenoticia.com.br\/noticia\/wp-json\/wp\/v2\/types\/post"}],"author":[{"embeddable":true,"href":"https:\/\/www.redenoticia.com.br\/noticia\/wp-json\/wp\/v2\/users\/2"}],"replies":[{"embeddable":true,"href":"https:\/\/www.redenoticia.com.br\/noticia\/wp-json\/wp\/v2\/comments?post=70589"}],"version-history":[{"count":0,"href":"https:\/\/www.redenoticia.com.br\/noticia\/wp-json\/wp\/v2\/posts\/70589\/revisions"}],"wp:featuredmedia":[{"embeddable":true,"href":"https:\/\/www.redenoticia.com.br\/noticia\/wp-json\/wp\/v2\/media\/57584"}],"wp:attachment":[{"href":"https:\/\/www.redenoticia.com.br\/noticia\/wp-json\/wp\/v2\/media?parent=70589"}],"wp:term":[{"taxonomy":"category","embeddable":true,"href":"https:\/\/www.redenoticia.com.br\/noticia\/wp-json\/wp\/v2\/categories?post=70589"},{"taxonomy":"post_tag","embeddable":true,"href":"https:\/\/www.redenoticia.com.br\/noticia\/wp-json\/wp\/v2\/tags?post=70589"}],"curies":[{"name":"wp","href":"https:\/\/api.w.org\/{rel}","templated":true}]}}