{"id":70585,"date":"2015-05-25T18:14:55","date_gmt":"2015-05-25T21:14:55","guid":{"rendered":"http:\/\/www.redenoticia.com.br\/noticia\/?p=70585"},"modified":"2015-05-25T18:14:55","modified_gmt":"2015-05-25T21:14:55","slug":"unb-publica-edital-com-informacoes-sobre-o-sisu","status":"publish","type":"post","link":"https:\/\/www.redenoticia.com.br\/noticia\/2015\/unb-publica-edital-com-informacoes-sobre-o-sisu\/70585","title":{"rendered":"UnB publica edital com informa\u00e7oes sobre o SiSU"},"content":{"rendered":"<p class=\"sutien\">A Universidade de Bras\u00edlia (UnB) divulgou as informa\u00e7\u00f5es sobre o ingresso em cursos de gradua\u00e7\u00e3o oferecidos no primeiro semestre de 2016. O edital publicado no\u00a0site , informa que 50% das chances na UnB ser\u00e3o preenchidas a partir das notas obtidas pelos candidatos no Exame Nacional do Ensino M\u00e9dio (<em><strong>Enem<\/strong><\/em>) de 2015, por interm\u00e9dio do Sistema de Sele\u00e7\u00e3o Unificada do Minist\u00e9rio da Educa\u00e7\u00e3o (SiSU\/MEC).<\/p>\n<p>As inscri\u00e7\u00f5es para o Enem 2015 j\u00e1 est\u00e3o abertas e v\u00e3o at\u00e9 5 de junho. A confirma\u00e7\u00e3o de participa\u00e7\u00e3o no Exame deve ser realizada exclusivamente no endere\u00e7o eletr\u00f4nico.<\/p>\n<p>O restante das vagas ofertadas pela UnB ser\u00e1 preenchido por meio do Programa de Avalia\u00e7\u00e3o Seriada (PAS) da Universidade, Subprograma 2013.<\/p>\n<p>CONTATO<br \/>\nOutras informa\u00e7\u00f5es no site  ou na Central de Atendimento ao Candidato do Cespe, de segunda a sexta, das 7h30 \u00e0s 20h30 \u2013 Campus Darcy Ribeiro, Sede do Cespe \u2013 pelo telefone (61) 3448 0100.<\/p>\n","protected":false},"excerpt":{"rendered":"<p>A Universidade de Bras\u00edlia (UnB) divulgou as informa\u00e7\u00f5es sobre o ingresso em cursos de gradua\u00e7\u00e3o oferecidos no primeiro semestre de 2016. O edital publicado no\u00a0site , informa que 50% das chances na UnB ser\u00e3o preenchidas a partir das notas obtidas pelos candidatos no Exame Nacional do Ensino M\u00e9dio (Enem) de 2015, por interm\u00e9dio do Sistema [&hellip;]<\/p>\n","protected":false},"author":2,"featured_media":22752,"comment_status":"open","ping_status":"closed","sticky":false,"template":"","format":"standard","meta":{"_genesis_hide_title":false,"_genesis_hide_breadcrumbs":false,"_genesis_hide_singular_image":false,"_genesis_hide_footer_widgets":false,"_genesis_custom_body_class":"","_genesis_custom_post_class":"","_genesis_layout":"","_jetpack_memberships_contains_paid_content":false,"footnotes":""},"categories":[22],"tags":[],"class_list":{"0":"post-70585","1":"post","2":"type-post","3":"status-publish","4":"format-standard","5":"has-post-thumbnail","7":"category-brasil","8":"entry","9":"gs-1","10":"gs-odd","11":"gs-even","12":"gs-featured-content-entry"},"jetpack_featured_media_url":"https:\/\/www.redenoticia.com.br\/noticia\/imagens\/sisu-enem-mec.jpg","jetpack_sharing_enabled":true,"jetpack_likes_enabled":true,"_links":{"self":[{"href":"https:\/\/www.redenoticia.com.br\/noticia\/wp-json\/wp\/v2\/posts\/70585","targetHints":{"allow":["GET"]}}],"collection":[{"href":"https:\/\/www.redenoticia.com.br\/noticia\/wp-json\/wp\/v2\/posts"}],"about":[{"href":"https:\/\/www.redenoticia.com.br\/noticia\/wp-json\/wp\/v2\/types\/post"}],"author":[{"embeddable":true,"href":"https:\/\/www.redenoticia.com.br\/noticia\/wp-json\/wp\/v2\/users\/2"}],"replies":[{"embeddable":true,"href":"https:\/\/www.redenoticia.com.br\/noticia\/wp-json\/wp\/v2\/comments?post=70585"}],"version-history":[{"count":0,"href":"https:\/\/www.redenoticia.com.br\/noticia\/wp-json\/wp\/v2\/posts\/70585\/revisions"}],"wp:featuredmedia":[{"embeddable":true,"href":"https:\/\/www.redenoticia.com.br\/noticia\/wp-json\/wp\/v2\/media\/22752"}],"wp:attachment":[{"href":"https:\/\/www.redenoticia.com.br\/noticia\/wp-json\/wp\/v2\/media?parent=70585"}],"wp:term":[{"taxonomy":"category","embeddable":true,"href":"https:\/\/www.redenoticia.com.br\/noticia\/wp-json\/wp\/v2\/categories?post=70585"},{"taxonomy":"post_tag","embeddable":true,"href":"https:\/\/www.redenoticia.com.br\/noticia\/wp-json\/wp\/v2\/tags?post=70585"}],"curies":[{"name":"wp","href":"https:\/\/api.w.org\/{rel}","templated":true}]}}