{"id":70498,"date":"2015-05-22T14:49:26","date_gmt":"2015-05-22T17:49:26","guid":{"rendered":"http:\/\/www.redenoticia.com.br\/noticia\/?p=70498"},"modified":"2015-05-22T14:49:26","modified_gmt":"2015-05-22T17:49:26","slug":"previa-da-inflacao-chega-a-824-em-12-meses","status":"publish","type":"post","link":"https:\/\/www.redenoticia.com.br\/noticia\/2015\/previa-da-inflacao-chega-a-824-em-12-meses\/70498","title":{"rendered":"Pr\u00e9via da infla\u00e7\u00e3o chega a 8,24% em 12 meses"},"content":{"rendered":"<p> A <strong><em>infla\u00e7\u00e3o<\/em><\/strong> medida pelo \u00cdndice Nacional de Pre\u00e7os ao Consumidor Amplo 15 (IPCA-15) fechou o m\u00eas maio em desacelera\u00e7\u00e3o, ficando em 0,6%. Os dados foram divulgados pelo Instituto Brasileiro de Geografia e Estat\u00edstica (IBGE). No m\u00eas anterior, o \u00edndice atingiu 1,07% e, em abril do ano passado, 0,58%.<\/p>\n<p>O IPCA-15, que constitui uma pr\u00e9via do \u00cdndice Nacional de Pre\u00e7os ao Consumidor Amplo (IPCA) \u2013 a infla\u00e7\u00e3o oficial do pa\u00eds \u2013 tem por objetivo medir a infla\u00e7\u00e3o de um conjunto de produtos e servi\u00e7os comercializados no varejo, referentes ao consumo pessoal das fam\u00edlias, cujo rendimento varia entre 1 e 40 sal\u00e1rios m\u00ednimos.<\/p>\n<p>Apesar da queda, com este resultado, o \u00edndice acumulado no ano foi 5,23%, acima da taxa de 3,51% registrada em igual per\u00edodo de 2014. No acumulado dos \u00faltimos 12 meses, o \u00edndice ficou em 8,24%, pr\u00f3ximo ao dos 12 meses imediatamente anteriores (8,22%), sendo, no entanto, o resultado mais elevado desde janeiro de 2004 (8,46%).<\/p>\n<p>Segundo o IBGE, a desacelera\u00e7\u00e3o de maio teve como principal influ\u00eancia o peso da energia el\u00e9trica. Com peso de 3,88% na despesa das fam\u00edlias, as contas de energia tiveram alta de apenas 1,41% em maio, contra 13,02% da taxa de abril, uma redu\u00e7\u00e3o de 9,14 ponto percentual. Com a queda na energia el\u00e9trica, o \u00edndice do grupo habita\u00e7\u00e3o recuou de 3,66% para 0,85%, entre uma pr\u00e9via e outra.<\/p>\n<p>Os dados do IBGE indicam que o grupo sa\u00fade e cuidados pessoais (1,79%) foi o mais elevado no m\u00eas, com destaque para os produtos farmac\u00eauticos, cujos pre\u00e7os aumentaram, em m\u00e9dia, 3,71%. Este item liderou a rela\u00e7\u00e3o dos principais impactos, sendo respons\u00e1vel por 0,12 ponto percentual do IPCA-15 de maio.<\/p>\n<p>J\u00e1 o menor resultado de grupo foi transportes, com defla\u00e7\u00e3o (infla\u00e7\u00e3o negativa) de 0,45%, puxado pela queda de 23,61% no item passagens a\u00e9reas, com impacto de -0,1 ponto percentual no IPCA-15 do m\u00eas \u2013 o menor do per\u00edodo. Houve tamb\u00e9m redu\u00e7\u00e3o nos pre\u00e7os dos combust\u00edveis (etanol e gasolina), itens que vinham pressionando a infla\u00e7\u00e3o.<\/p>\n<p>Nos alimentos a alta ficou em 1,05%, contra 1,04% da pr\u00e9via de abril, com eleva\u00e7\u00e3o significativa de alguns dos produtos importantes na cesta da popula\u00e7\u00e3o: tomate (alta de 19,79%), cebola (18,83%), cenoura (10,45%), leite (2,64%), p\u00e3o franc\u00eas (2,23%), \u00f3leo de soja (2,17%), carnes (1,40%),frango em peda\u00e7os(1,30%).<\/p>\n<p>O IPCA-15 refere-se \u00e0s regi\u00f5es metropolitanas do Rio de Janeiro, Porto Alegre, Belo Horizonte, Recife, S\u00e3o Paulo, Bel\u00e9m, Fortaleza, Salvador e Curitiba, al\u00e9m de Bras\u00edlia e Goi\u00e2nia, e tem como principal diferencial, al\u00e9m da abrang\u00eancia regional, o per\u00edodo de coleta que vai da metade do m\u00eas anterior \u00e0 metade do m\u00eas de refer\u00eancia.<\/p>\n<p>Nielmar de Oliveira &#8211; Rep\u00f3rter da Ag\u00eancia Brasil<br \/>\nEdi\u00e7\u00e3o: Jos\u00e9 Romildo<\/p>\n","protected":false},"excerpt":{"rendered":"<p>A infla\u00e7\u00e3o medida pelo \u00cdndice Nacional de Pre\u00e7os ao Consumidor Amplo 15 (IPCA-15) fechou o m\u00eas maio em desacelera\u00e7\u00e3o, ficando em 0,6%. Os dados foram divulgados pelo Instituto Brasileiro de Geografia e Estat\u00edstica (IBGE). No m\u00eas anterior, o \u00edndice atingiu 1,07% e, em abril do ano passado, 0,58%. O IPCA-15, que constitui uma pr\u00e9via do [&hellip;]<\/p>\n","protected":false},"author":2,"featured_media":57584,"comment_status":"open","ping_status":"closed","sticky":false,"template":"","format":"standard","meta":{"_genesis_hide_title":false,"_genesis_hide_breadcrumbs":false,"_genesis_hide_singular_image":false,"_genesis_hide_footer_widgets":false,"_genesis_custom_body_class":"","_genesis_custom_post_class":"","_genesis_layout":"","_jetpack_memberships_contains_paid_content":false,"footnotes":""},"categories":[22,7],"tags":[],"class_list":{"0":"post-70498","1":"post","2":"type-post","3":"status-publish","4":"format-standard","5":"has-post-thumbnail","7":"category-brasil","8":"category-economia","9":"entry","10":"gs-1","11":"gs-odd","12":"gs-even","13":"gs-featured-content-entry"},"jetpack_featured_media_url":"https:\/\/www.redenoticia.com.br\/noticia\/imagens\/economia-grafica-analise-inflacao.jpg","jetpack_sharing_enabled":true,"jetpack_likes_enabled":true,"_links":{"self":[{"href":"https:\/\/www.redenoticia.com.br\/noticia\/wp-json\/wp\/v2\/posts\/70498","targetHints":{"allow":["GET"]}}],"collection":[{"href":"https:\/\/www.redenoticia.com.br\/noticia\/wp-json\/wp\/v2\/posts"}],"about":[{"href":"https:\/\/www.redenoticia.com.br\/noticia\/wp-json\/wp\/v2\/types\/post"}],"author":[{"embeddable":true,"href":"https:\/\/www.redenoticia.com.br\/noticia\/wp-json\/wp\/v2\/users\/2"}],"replies":[{"embeddable":true,"href":"https:\/\/www.redenoticia.com.br\/noticia\/wp-json\/wp\/v2\/comments?post=70498"}],"version-history":[{"count":0,"href":"https:\/\/www.redenoticia.com.br\/noticia\/wp-json\/wp\/v2\/posts\/70498\/revisions"}],"wp:featuredmedia":[{"embeddable":true,"href":"https:\/\/www.redenoticia.com.br\/noticia\/wp-json\/wp\/v2\/media\/57584"}],"wp:attachment":[{"href":"https:\/\/www.redenoticia.com.br\/noticia\/wp-json\/wp\/v2\/media?parent=70498"}],"wp:term":[{"taxonomy":"category","embeddable":true,"href":"https:\/\/www.redenoticia.com.br\/noticia\/wp-json\/wp\/v2\/categories?post=70498"},{"taxonomy":"post_tag","embeddable":true,"href":"https:\/\/www.redenoticia.com.br\/noticia\/wp-json\/wp\/v2\/tags?post=70498"}],"curies":[{"name":"wp","href":"https:\/\/api.w.org\/{rel}","templated":true}]}}