{"id":70496,"date":"2015-05-22T14:46:59","date_gmt":"2015-05-22T17:46:59","guid":{"rendered":"http:\/\/www.redenoticia.com.br\/noticia\/?p=70496"},"modified":"2015-05-22T14:46:59","modified_gmt":"2015-05-22T17:46:59","slug":"governo-prorroga-prazo-de-grupo-que-discute-reajustes-em-instituicoes-com-fies","status":"publish","type":"post","link":"https:\/\/www.redenoticia.com.br\/noticia\/2015\/governo-prorroga-prazo-de-grupo-que-discute-reajustes-em-instituicoes-com-fies\/70496","title":{"rendered":"Governo prorroga prazo de grupo que discute reajustes em institui\u00e7\u00f5es com Fies"},"content":{"rendered":"<p> O grupo de trabalho do  Minist\u00e9rio da Educa\u00e7\u00e3o (MEC) e Minist\u00e9rio da Justi\u00e7a criado para analisar os reajustes de mensalidades das institui\u00e7\u00f5es participantes do Fundo de Financiamento Estudantil (<strong><em>Fies<\/em><\/strong>) ter\u00e1 mais 60 dias de atua\u00e7\u00e3o. A decis\u00e3o est\u00e1 em portaria publicada no Di\u00e1rio Oficial da Uni\u00e3o. O grupo foi criado no dia 23 de mar\u00e7o, com o prazo inicial de 60 dias para os trabalhos, que se encerra esta semana. <\/p>\n<p>O grupo vai analisar os casos de renova\u00e7\u00e3o do financiamento em institui\u00e7\u00f5es que tiveram um reajuste da mensalidade acima de 6,4%, limite fixado pelo MEC, que equivale \u00e0 infla\u00e7\u00e3o medida pelo \u00cdndice Nacional de Pre\u00e7os ao Consumidor Amplo (IPCA) em 2014. Os estudantes que est\u00e3o renovando os contratos com essas institui\u00e7\u00f5es est\u00e3o recebendo um aviso de que a institui\u00e7\u00e3o ainda ter\u00e1 de explicar o reajuste.<\/p>\n<p> O limite do reajuste faz parte das mudan\u00e7as feitas pelo MEC no programa, que incluem a exig\u00eancia de uma nota m\u00ednima no Exame Nacional do Ensino M\u00e9dio (Enem) e a prioridade aos cursos com as maiores notas nas avalia\u00e7\u00f5es do MEC. <\/p>\n<p>Apesar das restri\u00e7\u00f5es, a pasta comprometeu-se com a renova\u00e7\u00e3o de todos os contratos vigentes. O prazo para as renova\u00e7\u00f5es vai at\u00e9 o dia 29 de maio. De acordo com o \u00faltimo balan\u00e7o do MEC, faltam ser renovados cerca de 140 mil contratos.<\/p>\n<p>Fazem parte do grupo membros da Secretaria Nacional do Consumidor do Minist\u00e9rio da Justi\u00e7a, al\u00e9m do Fundo Nacional de Desenvolvimento da Educa\u00e7\u00e3o (FNDE), \u00f3rg\u00e3o do MEC que gerencia o Fies. Al\u00e9m de analisar a evolu\u00e7\u00e3o  dos  pre\u00e7os das  mensalidades, os participantes v\u00e3o propor iniciativas e a\u00e7\u00f5es que contribuam para o avan\u00e7o do programa.<\/p>\n<p>O Fies oferece cobertura da mensalidade de cursos em institui\u00e7\u00f5es privadas de ensino superior a juros de 3,4% ao ano. O estudante come\u00e7a a quitar o financiamento 18 meses ap\u00f3s a conclus\u00e3o do curso. O programa acumula 1,9 milh\u00e3o de contratos e abrange mais de 1,6 mil institui\u00e7\u00f5es.<\/p>\n<p>Mariana Tokarnia &#8211; Rep\u00f3rter da Ag\u00eancia Brasil<br \/>\nEdi\u00e7\u00e3o: F\u00e1bio Massalli<\/p>\n","protected":false},"excerpt":{"rendered":"<p>O grupo de trabalho do Minist\u00e9rio da Educa\u00e7\u00e3o (MEC) e Minist\u00e9rio da Justi\u00e7a criado para analisar os reajustes de mensalidades das institui\u00e7\u00f5es participantes do Fundo de Financiamento Estudantil (Fies) ter\u00e1 mais 60 dias de atua\u00e7\u00e3o. A decis\u00e3o est\u00e1 em portaria publicada no Di\u00e1rio Oficial da Uni\u00e3o. O grupo foi criado no dia 23 de mar\u00e7o, [&hellip;]<\/p>\n","protected":false},"author":2,"featured_media":26465,"comment_status":"open","ping_status":"closed","sticky":false,"template":"","format":"standard","meta":{"_genesis_hide_title":false,"_genesis_hide_breadcrumbs":false,"_genesis_hide_singular_image":false,"_genesis_hide_footer_widgets":false,"_genesis_custom_body_class":"","_genesis_custom_post_class":"","_genesis_layout":"","_jetpack_memberships_contains_paid_content":false,"footnotes":""},"categories":[22],"tags":[],"class_list":{"0":"post-70496","1":"post","2":"type-post","3":"status-publish","4":"format-standard","5":"has-post-thumbnail","7":"category-brasil","8":"entry","9":"gs-1","10":"gs-odd","11":"gs-even","12":"gs-featured-content-entry"},"jetpack_featured_media_url":"https:\/\/www.redenoticia.com.br\/noticia\/imagens\/fies-financiamento-estudantil-inscricao-resultado.jpg","jetpack_sharing_enabled":true,"jetpack_likes_enabled":true,"_links":{"self":[{"href":"https:\/\/www.redenoticia.com.br\/noticia\/wp-json\/wp\/v2\/posts\/70496","targetHints":{"allow":["GET"]}}],"collection":[{"href":"https:\/\/www.redenoticia.com.br\/noticia\/wp-json\/wp\/v2\/posts"}],"about":[{"href":"https:\/\/www.redenoticia.com.br\/noticia\/wp-json\/wp\/v2\/types\/post"}],"author":[{"embeddable":true,"href":"https:\/\/www.redenoticia.com.br\/noticia\/wp-json\/wp\/v2\/users\/2"}],"replies":[{"embeddable":true,"href":"https:\/\/www.redenoticia.com.br\/noticia\/wp-json\/wp\/v2\/comments?post=70496"}],"version-history":[{"count":0,"href":"https:\/\/www.redenoticia.com.br\/noticia\/wp-json\/wp\/v2\/posts\/70496\/revisions"}],"wp:featuredmedia":[{"embeddable":true,"href":"https:\/\/www.redenoticia.com.br\/noticia\/wp-json\/wp\/v2\/media\/26465"}],"wp:attachment":[{"href":"https:\/\/www.redenoticia.com.br\/noticia\/wp-json\/wp\/v2\/media?parent=70496"}],"wp:term":[{"taxonomy":"category","embeddable":true,"href":"https:\/\/www.redenoticia.com.br\/noticia\/wp-json\/wp\/v2\/categories?post=70496"},{"taxonomy":"post_tag","embeddable":true,"href":"https:\/\/www.redenoticia.com.br\/noticia\/wp-json\/wp\/v2\/tags?post=70496"}],"curies":[{"name":"wp","href":"https:\/\/api.w.org\/{rel}","templated":true}]}}