{"id":70488,"date":"2015-05-22T14:36:54","date_gmt":"2015-05-22T17:36:54","guid":{"rendered":"http:\/\/www.redenoticia.com.br\/noticia\/?p=70488"},"modified":"2015-05-22T14:36:54","modified_gmt":"2015-05-22T17:36:54","slug":"blog-do-procon-sp-alerta-para-cobrancas-indevidas-de-bancos","status":"publish","type":"post","link":"https:\/\/www.redenoticia.com.br\/noticia\/2015\/blog-do-procon-sp-alerta-para-cobrancas-indevidas-de-bancos\/70488","title":{"rendered":"Blog do Procon-SP alerta para cobran\u00e7as indevidas de bancos"},"content":{"rendered":"<p>O  separou algumas dicas sobre cobran\u00e7as indevidas feitas pelas operadoras de cart\u00e3o. No post sobre extrato banc\u00e1rio e servi\u00e7os gratuitos, o Procon-SP alerta sobre a import\u00e2ncia de estar sempre atento a tudo o que \u00e9 cobrado pelo banco e sempre que houver alguma tarifa ou encargos de servi\u00e7os n\u00e3o solicitados o consumidor deve fazer valer os seus direitos.<\/p>\n<p>Tema central do post e grande desconhecido dos consumidores, o rol de Servi\u00e7os Essenciais \u00e9 um pacote de conveni\u00eancias que n\u00e3o podem ser cobradas pelas operadoras. Caso a institui\u00e7\u00e3o financeira n\u00e3o respeite a oferta de contrata\u00e7\u00e3o do rol, o consumidor deve denunciar ao Banco Central e ao \u00f3rg\u00e3o de defesa do consumidor.<\/p>\n<p>Leia o post completo.<\/p>\n<p>Do Portal do Governo do Estado SP<\/p>\n<p>&#8212;<br \/>\nMuitas vezes ignorado pelo correntista, o extrato banc\u00e1rio &#8220;s\u00f3 ganha vida&#8221; quando algu\u00e9m nota algum nome estranho acompanhado de um sinal negativo. Muitas vezes, se trata de cobran\u00e7a de um servi\u00e7o que j\u00e1 vinha sendo debitada h\u00e1 meses e o consumidor nem percebeu. Portanto, olhe com mais carinho para o seu extrato: seu bolso ir\u00e1 &#8220;agradecer.&#8221;<\/p>\n","protected":false},"excerpt":{"rendered":"<p>O separou algumas dicas sobre cobran\u00e7as indevidas feitas pelas operadoras de cart\u00e3o. No post sobre extrato banc\u00e1rio e servi\u00e7os gratuitos, o Procon-SP alerta sobre a import\u00e2ncia de estar sempre atento a tudo o que \u00e9 cobrado pelo banco e sempre que houver alguma tarifa ou encargos de servi\u00e7os n\u00e3o solicitados o consumidor deve fazer valer [&hellip;]<\/p>\n","protected":false},"author":2,"featured_media":34916,"comment_status":"open","ping_status":"closed","sticky":false,"template":"","format":"standard","meta":{"_genesis_hide_title":false,"_genesis_hide_breadcrumbs":false,"_genesis_hide_singular_image":false,"_genesis_hide_footer_widgets":false,"_genesis_custom_body_class":"","_genesis_custom_post_class":"","_genesis_layout":"","_jetpack_memberships_contains_paid_content":false,"footnotes":""},"categories":[22,7],"tags":[],"class_list":{"0":"post-70488","1":"post","2":"type-post","3":"status-publish","4":"format-standard","5":"has-post-thumbnail","7":"category-brasil","8":"category-economia","9":"entry","10":"gs-1","11":"gs-odd","12":"gs-even","13":"gs-featured-content-entry"},"jetpack_featured_media_url":"https:\/\/www.redenoticia.com.br\/noticia\/imagens\/inflacao.jpg","jetpack_sharing_enabled":true,"jetpack_likes_enabled":true,"_links":{"self":[{"href":"https:\/\/www.redenoticia.com.br\/noticia\/wp-json\/wp\/v2\/posts\/70488","targetHints":{"allow":["GET"]}}],"collection":[{"href":"https:\/\/www.redenoticia.com.br\/noticia\/wp-json\/wp\/v2\/posts"}],"about":[{"href":"https:\/\/www.redenoticia.com.br\/noticia\/wp-json\/wp\/v2\/types\/post"}],"author":[{"embeddable":true,"href":"https:\/\/www.redenoticia.com.br\/noticia\/wp-json\/wp\/v2\/users\/2"}],"replies":[{"embeddable":true,"href":"https:\/\/www.redenoticia.com.br\/noticia\/wp-json\/wp\/v2\/comments?post=70488"}],"version-history":[{"count":0,"href":"https:\/\/www.redenoticia.com.br\/noticia\/wp-json\/wp\/v2\/posts\/70488\/revisions"}],"wp:featuredmedia":[{"embeddable":true,"href":"https:\/\/www.redenoticia.com.br\/noticia\/wp-json\/wp\/v2\/media\/34916"}],"wp:attachment":[{"href":"https:\/\/www.redenoticia.com.br\/noticia\/wp-json\/wp\/v2\/media?parent=70488"}],"wp:term":[{"taxonomy":"category","embeddable":true,"href":"https:\/\/www.redenoticia.com.br\/noticia\/wp-json\/wp\/v2\/categories?post=70488"},{"taxonomy":"post_tag","embeddable":true,"href":"https:\/\/www.redenoticia.com.br\/noticia\/wp-json\/wp\/v2\/tags?post=70488"}],"curies":[{"name":"wp","href":"https:\/\/api.w.org\/{rel}","templated":true}]}}