{"id":70435,"date":"2015-05-21T14:59:16","date_gmt":"2015-05-21T17:59:16","guid":{"rendered":"http:\/\/www.redenoticia.com.br\/noticia\/?p=70435"},"modified":"2015-05-21T14:59:16","modified_gmt":"2015-05-21T17:59:16","slug":"confianca-da-industria-recua-pelo-quarto-mes-consecutivo-diz-fgv","status":"publish","type":"post","link":"https:\/\/www.redenoticia.com.br\/noticia\/2015\/confianca-da-industria-recua-pelo-quarto-mes-consecutivo-diz-fgv\/70435","title":{"rendered":"Confian\u00e7a da Ind\u00fastria recua pelo quarto m\u00eas consecutivo, diz FGV"},"content":{"rendered":"<p> O <strong><em>\u00cdndice de Confian\u00e7a da Ind\u00fastria<\/em><\/strong> (ICI) caiu 0,7% da s\u00e9rie livre de influ\u00eancia sazonal em rela\u00e7\u00e3o \u00e0 pr\u00e9via de abril. Este foi o quarto resultado negativo consecutivo. Os dados constam da pr\u00e9via de maio da Sondagem da Ind\u00fastria de Transforma\u00e7\u00e3o divulgado pelo Instituto Brasileiro de Economia da Funda\u00e7\u00e3o Getulio Vargas (Ibre-FGV).<\/p>\n<p> Os dados da FGV indicam que em abril o ICI j\u00e1 havia recuado 3,4% em rela\u00e7\u00e3o ao resultado de mar\u00e7o. Por sua vez,  em mar\u00e7o o ICI tinha recuado 9,2% em compara\u00e7\u00e3o a fevereiro, depois de ligeira recupera\u00e7\u00e3o de 1,9% no primeiro m\u00eas do ano, tamb\u00e9m na s\u00e9rie livre de influ\u00eancias sazonais.<\/p>\n<p>Com a queda da pr\u00e9via de maio, o ICI ficou em 72,3 pontos, o menor n\u00edvel da s\u00e9rie mensal iniciada em outubro de 2005. Segundo a FGV, a pr\u00e9via do resultado de maio foi influenciado principalmente pela piora das avalia\u00e7\u00f5es sobre o momento presente, com o \u00cdndice da Situa\u00e7\u00e3o Atual (ISA) recuando 1,1% em rela\u00e7\u00e3o a abril e atingindo 75,3 pontos. J\u00e1 o \u00cdndice de Expectativas (IE) deve cair 0,3%, se o resultado se confirmar nos n\u00fameros do fechamento do m\u00eas, atingindo o menor n\u00edvel da s\u00e9rie hist\u00f3rica (69,4 pontos).<\/p>\n<p>J\u00e1 o resultado preliminar do N\u00edvel de Utiliza\u00e7\u00e3o da Capacidade Instalada (Nuci) indica um recuo de 0,9 ponto percentual, em abril e maio, ao passar de 79,9% para 79%, o menor n\u00edvel desde maio de 2009 (78,9%).<\/p>\n<p>Para a pr\u00e9via de maio de 2015, a FGV consultou 783 empresas entre os dias 4 e 18 deste m\u00eas. O resultado final da pesquisa ser\u00e1 divulgado na quarta-feira (27).<\/p>\n<p>Nielmar de Oliveira &#8211; Rep\u00f3rter da Ag\u00eancia Brasil<br \/>\nEdi\u00e7\u00e3o: Marcos Chagas<\/p>\n","protected":false},"excerpt":{"rendered":"<p>O \u00cdndice de Confian\u00e7a da Ind\u00fastria (ICI) caiu 0,7% da s\u00e9rie livre de influ\u00eancia sazonal em rela\u00e7\u00e3o \u00e0 pr\u00e9via de abril. Este foi o quarto resultado negativo consecutivo. Os dados constam da pr\u00e9via de maio da Sondagem da Ind\u00fastria de Transforma\u00e7\u00e3o divulgado pelo Instituto Brasileiro de Economia da Funda\u00e7\u00e3o Getulio Vargas (Ibre-FGV). Os dados da [&hellip;]<\/p>\n","protected":false},"author":2,"featured_media":38938,"comment_status":"open","ping_status":"closed","sticky":false,"template":"","format":"standard","meta":{"_genesis_hide_title":false,"_genesis_hide_breadcrumbs":false,"_genesis_hide_singular_image":false,"_genesis_hide_footer_widgets":false,"_genesis_custom_body_class":"","_genesis_custom_post_class":"","_genesis_layout":"","_jetpack_memberships_contains_paid_content":false,"footnotes":""},"categories":[22,7],"tags":[],"class_list":{"0":"post-70435","1":"post","2":"type-post","3":"status-publish","4":"format-standard","5":"has-post-thumbnail","7":"category-brasil","8":"category-economia","9":"entry","10":"gs-1","11":"gs-odd","12":"gs-even","13":"gs-featured-content-entry"},"jetpack_featured_media_url":"https:\/\/www.redenoticia.com.br\/noticia\/imagens\/economia1.jpg","jetpack_sharing_enabled":true,"jetpack_likes_enabled":true,"_links":{"self":[{"href":"https:\/\/www.redenoticia.com.br\/noticia\/wp-json\/wp\/v2\/posts\/70435","targetHints":{"allow":["GET"]}}],"collection":[{"href":"https:\/\/www.redenoticia.com.br\/noticia\/wp-json\/wp\/v2\/posts"}],"about":[{"href":"https:\/\/www.redenoticia.com.br\/noticia\/wp-json\/wp\/v2\/types\/post"}],"author":[{"embeddable":true,"href":"https:\/\/www.redenoticia.com.br\/noticia\/wp-json\/wp\/v2\/users\/2"}],"replies":[{"embeddable":true,"href":"https:\/\/www.redenoticia.com.br\/noticia\/wp-json\/wp\/v2\/comments?post=70435"}],"version-history":[{"count":0,"href":"https:\/\/www.redenoticia.com.br\/noticia\/wp-json\/wp\/v2\/posts\/70435\/revisions"}],"wp:featuredmedia":[{"embeddable":true,"href":"https:\/\/www.redenoticia.com.br\/noticia\/wp-json\/wp\/v2\/media\/38938"}],"wp:attachment":[{"href":"https:\/\/www.redenoticia.com.br\/noticia\/wp-json\/wp\/v2\/media?parent=70435"}],"wp:term":[{"taxonomy":"category","embeddable":true,"href":"https:\/\/www.redenoticia.com.br\/noticia\/wp-json\/wp\/v2\/categories?post=70435"},{"taxonomy":"post_tag","embeddable":true,"href":"https:\/\/www.redenoticia.com.br\/noticia\/wp-json\/wp\/v2\/tags?post=70435"}],"curies":[{"name":"wp","href":"https:\/\/api.w.org\/{rel}","templated":true}]}}