{"id":70433,"date":"2015-05-21T14:57:34","date_gmt":"2015-05-21T17:57:34","guid":{"rendered":"http:\/\/www.redenoticia.com.br\/noticia\/?p=70433"},"modified":"2015-05-21T14:57:34","modified_gmt":"2015-05-21T17:57:34","slug":"taxa-de-desemprego-alcanca-64-em-abril","status":"publish","type":"post","link":"https:\/\/www.redenoticia.com.br\/noticia\/2015\/taxa-de-desemprego-alcanca-64-em-abril\/70433","title":{"rendered":"Taxa de desemprego alcan\u00e7a 6,4% em abril"},"content":{"rendered":"<p> O Instituto Brasileiro de Geografia e Estat\u00edstica (IBGE) informou que a <strong><em>taxa de desemprego<\/em><\/strong> alcan\u00e7ou 6,4%, em abril de 2015, a maior desde mar\u00e7o de 2011, quando alcan\u00e7ou 6,5%. Em mar\u00e7o deste ano, a taxa foi 6,2%.<\/p>\n<p>A taxa faz parte da Pesquisa Mensal de Emprego (PME), que produz indicadores mensais sobre a for\u00e7a de trabalho nas seguintes regi\u00f5es metropolitanas: Recife, Salvador, Belo Horizonte, Rio de Janeiro, S\u00e3o Paulo e Porto Alegre.<\/p>\n<p>Em rela\u00e7\u00e3o a abril de 2014, a taxa ficou 1,5 ponto percentual maior (passou de 4,9% para 6,4%).<\/p>\n<p>A popula\u00e7\u00e3o desocupada, correspondente a 1,6 milh\u00e3o de pessoas, n\u00e3o apresentou varia\u00e7\u00e3o em compara\u00e7\u00e3o a mar\u00e7o deste ano. No entanto, em rela\u00e7\u00e3o a abril de 2014, o quadro foi de eleva\u00e7\u00e3o: o n\u00famero de desempregados aumentou 32,7%, acr\u00e9scimo de 384 mil pessoas.<\/p>\n<p>Em abril deste ano, a popula\u00e7\u00e3o ocupada foi estimada em 22,8 milh\u00f5es para o conjunto das seis regi\u00f5es, refletindo estabilidade nas an\u00e1lises mensal e anual. No quarto m\u00eas de 2015, o n\u00famero de trabalhadores com carteira assinada no setor privado (11,5 milh\u00f5es) ficou est\u00e1vel na compara\u00e7\u00e3o mensal. Em compara\u00e7\u00e3o a abril de 2014, apresentou retra\u00e7\u00e3o de 1,9% (219 mil pessoas).<\/p>\n<p>O rendimento m\u00e9dio real habitual dos trabalhadores foi estimado em R$ 2.138,50. Este resultado foi 0,5% menor que o registrado em mar\u00e7o (R$ 2.148,71) e 2,9% inferior ao obtido em abril de 2014 (R$ 2.202,08).<\/p>\n<p>Nielmar de Oliveira &#8211; Rep\u00f3rter da Ag\u00eancia Brasil<br \/>\nEdi\u00e7\u00e3o: Jos\u00e9 Romildo<\/p>\n","protected":false},"excerpt":{"rendered":"<p>O Instituto Brasileiro de Geografia e Estat\u00edstica (IBGE) informou que a taxa de desemprego alcan\u00e7ou 6,4%, em abril de 2015, a maior desde mar\u00e7o de 2011, quando alcan\u00e7ou 6,5%. Em mar\u00e7o deste ano, a taxa foi 6,2%. A taxa faz parte da Pesquisa Mensal de Emprego (PME), que produz indicadores mensais sobre a for\u00e7a de [&hellip;]<\/p>\n","protected":false},"author":2,"featured_media":57584,"comment_status":"open","ping_status":"closed","sticky":false,"template":"","format":"standard","meta":{"_genesis_hide_title":false,"_genesis_hide_breadcrumbs":false,"_genesis_hide_singular_image":false,"_genesis_hide_footer_widgets":false,"_genesis_custom_body_class":"","_genesis_custom_post_class":"","_genesis_layout":"","_jetpack_memberships_contains_paid_content":false,"footnotes":""},"categories":[22,7],"tags":[],"class_list":{"0":"post-70433","1":"post","2":"type-post","3":"status-publish","4":"format-standard","5":"has-post-thumbnail","7":"category-brasil","8":"category-economia","9":"entry","10":"gs-1","11":"gs-odd","12":"gs-even","13":"gs-featured-content-entry"},"jetpack_featured_media_url":"https:\/\/www.redenoticia.com.br\/noticia\/imagens\/economia-grafica-analise-inflacao.jpg","jetpack_sharing_enabled":true,"jetpack_likes_enabled":true,"_links":{"self":[{"href":"https:\/\/www.redenoticia.com.br\/noticia\/wp-json\/wp\/v2\/posts\/70433","targetHints":{"allow":["GET"]}}],"collection":[{"href":"https:\/\/www.redenoticia.com.br\/noticia\/wp-json\/wp\/v2\/posts"}],"about":[{"href":"https:\/\/www.redenoticia.com.br\/noticia\/wp-json\/wp\/v2\/types\/post"}],"author":[{"embeddable":true,"href":"https:\/\/www.redenoticia.com.br\/noticia\/wp-json\/wp\/v2\/users\/2"}],"replies":[{"embeddable":true,"href":"https:\/\/www.redenoticia.com.br\/noticia\/wp-json\/wp\/v2\/comments?post=70433"}],"version-history":[{"count":0,"href":"https:\/\/www.redenoticia.com.br\/noticia\/wp-json\/wp\/v2\/posts\/70433\/revisions"}],"wp:featuredmedia":[{"embeddable":true,"href":"https:\/\/www.redenoticia.com.br\/noticia\/wp-json\/wp\/v2\/media\/57584"}],"wp:attachment":[{"href":"https:\/\/www.redenoticia.com.br\/noticia\/wp-json\/wp\/v2\/media?parent=70433"}],"wp:term":[{"taxonomy":"category","embeddable":true,"href":"https:\/\/www.redenoticia.com.br\/noticia\/wp-json\/wp\/v2\/categories?post=70433"},{"taxonomy":"post_tag","embeddable":true,"href":"https:\/\/www.redenoticia.com.br\/noticia\/wp-json\/wp\/v2\/tags?post=70433"}],"curies":[{"name":"wp","href":"https:\/\/api.w.org\/{rel}","templated":true}]}}