{"id":70431,"date":"2015-05-21T14:54:48","date_gmt":"2015-05-21T17:54:48","guid":{"rendered":"http:\/\/www.redenoticia.com.br\/noticia\/?p=70431"},"modified":"2015-05-21T14:54:48","modified_gmt":"2015-05-21T17:54:48","slug":"utilizacao-da-capacidade-industrial-instalada-e-a-menor-desde-2009","status":"publish","type":"post","link":"https:\/\/www.redenoticia.com.br\/noticia\/2015\/utilizacao-da-capacidade-industrial-instalada-e-a-menor-desde-2009\/70431","title":{"rendered":"Utiliza\u00e7\u00e3o da capacidade industrial instalada \u00e9 a menor desde 2009"},"content":{"rendered":"<p> O indicador de evolu\u00e7\u00e3o da <strong><em>produ\u00e7\u00e3o industrial<\/em><\/strong> ficou em 39,7 pontos em abril e o de utiliza\u00e7\u00e3o da capacidade instalada (UCI) efetiva em rela\u00e7\u00e3o ao usual atingiu 35,6 pontos, o menor da s\u00e9rie hist\u00f3rica iniciada em junho de 2009. Os n\u00fameros est\u00e3o na Sondagem Industrial divulgada pela Confedera\u00e7\u00e3o Nacional da Ind\u00fastria (CNI). Os indicadores variam de 0 a 100. Abaixo de 50, mostram queda na produ\u00e7\u00e3o e pessimismo do setor.<\/p>\n<p>De acordo com a entidade empresarial, a ind\u00fastria operou, em m\u00e9dia, com 67% da capacidade instalada em abril, quatro pontos percentuais abaixo do mesmo per\u00edodo de 2014. O \u00edndice de n\u00famero de empregados ficou em 43,1 pontos, tamb\u00e9m o menor da s\u00e9rie hist\u00f3rica. Por outro lado, os estoques cresceram, com indicador em 51,8 pontos.<\/p>\n<p>A Sondagem Industrial mostra tamb\u00e9m que todos os indicadores de expectativas dos empres\u00e1rios pioraram em maio e se mant\u00eam abaixo da linha dos 50 pontos. O \u00edndice que representa a demanda atingiu 45,9 pontos e o de perspectivas sobre a quantidade exportada ficou em 48,6 pontos. O de compras de mat\u00e9rias-primas registrou 44,1 pontos. A confian\u00e7a em rela\u00e7\u00e3o \u00e0 evolu\u00e7\u00e3o do n\u00famero de empregados ficou em 42,1 pontos.<\/p>\n<p>Foram ouvidas, entre 4 e 13 de mar\u00e7o, 2.327 empresas. Dessas, 956 s\u00e3o de pequeno porte, 817 de m\u00e9dio porte e 554 s\u00e3o ind\u00fastrias de grande porte.<\/p>\n<p>Da Ag\u00eancia Brasil<br \/>\nEdi\u00e7\u00e3o: Denise Griesinger<\/p>\n","protected":false},"excerpt":{"rendered":"<p>O indicador de evolu\u00e7\u00e3o da produ\u00e7\u00e3o industrial ficou em 39,7 pontos em abril e o de utiliza\u00e7\u00e3o da capacidade instalada (UCI) efetiva em rela\u00e7\u00e3o ao usual atingiu 35,6 pontos, o menor da s\u00e9rie hist\u00f3rica iniciada em junho de 2009. Os n\u00fameros est\u00e3o na Sondagem Industrial divulgada pela Confedera\u00e7\u00e3o Nacional da Ind\u00fastria (CNI). Os indicadores variam [&hellip;]<\/p>\n","protected":false},"author":2,"featured_media":57585,"comment_status":"open","ping_status":"closed","sticky":false,"template":"","format":"standard","meta":{"_genesis_hide_title":false,"_genesis_hide_breadcrumbs":false,"_genesis_hide_singular_image":false,"_genesis_hide_footer_widgets":false,"_genesis_custom_body_class":"","_genesis_custom_post_class":"","_genesis_layout":"","_jetpack_memberships_contains_paid_content":false,"footnotes":""},"categories":[22,7],"tags":[],"class_list":{"0":"post-70431","1":"post","2":"type-post","3":"status-publish","4":"format-standard","5":"has-post-thumbnail","7":"category-brasil","8":"category-economia","9":"entry","10":"gs-1","11":"gs-odd","12":"gs-even","13":"gs-featured-content-entry"},"jetpack_featured_media_url":"https:\/\/www.redenoticia.com.br\/noticia\/imagens\/analise-economia.jpg","jetpack_sharing_enabled":true,"jetpack_likes_enabled":true,"_links":{"self":[{"href":"https:\/\/www.redenoticia.com.br\/noticia\/wp-json\/wp\/v2\/posts\/70431","targetHints":{"allow":["GET"]}}],"collection":[{"href":"https:\/\/www.redenoticia.com.br\/noticia\/wp-json\/wp\/v2\/posts"}],"about":[{"href":"https:\/\/www.redenoticia.com.br\/noticia\/wp-json\/wp\/v2\/types\/post"}],"author":[{"embeddable":true,"href":"https:\/\/www.redenoticia.com.br\/noticia\/wp-json\/wp\/v2\/users\/2"}],"replies":[{"embeddable":true,"href":"https:\/\/www.redenoticia.com.br\/noticia\/wp-json\/wp\/v2\/comments?post=70431"}],"version-history":[{"count":0,"href":"https:\/\/www.redenoticia.com.br\/noticia\/wp-json\/wp\/v2\/posts\/70431\/revisions"}],"wp:featuredmedia":[{"embeddable":true,"href":"https:\/\/www.redenoticia.com.br\/noticia\/wp-json\/wp\/v2\/media\/57585"}],"wp:attachment":[{"href":"https:\/\/www.redenoticia.com.br\/noticia\/wp-json\/wp\/v2\/media?parent=70431"}],"wp:term":[{"taxonomy":"category","embeddable":true,"href":"https:\/\/www.redenoticia.com.br\/noticia\/wp-json\/wp\/v2\/categories?post=70431"},{"taxonomy":"post_tag","embeddable":true,"href":"https:\/\/www.redenoticia.com.br\/noticia\/wp-json\/wp\/v2\/tags?post=70431"}],"curies":[{"name":"wp","href":"https:\/\/api.w.org\/{rel}","templated":true}]}}