{"id":70429,"date":"2015-05-21T14:52:24","date_gmt":"2015-05-21T17:52:24","guid":{"rendered":"http:\/\/www.redenoticia.com.br\/noticia\/?p=70429"},"modified":"2015-05-21T14:52:24","modified_gmt":"2015-05-21T17:52:24","slug":"atividade-economica-cai-107-em-marco-diz-banco-central","status":"publish","type":"post","link":"https:\/\/www.redenoticia.com.br\/noticia\/2015\/atividade-economica-cai-107-em-marco-diz-banco-central\/70429","title":{"rendered":"Atividade econ\u00f4mica cai 1,07% em mar\u00e7o, diz Banco Central"},"content":{"rendered":"<p> A <strong><em>atividade econ\u00f4mica<\/em><\/strong> apresentou queda de 1,07% em mar\u00e7o em rela\u00e7\u00e3o a fevereiro. Na compara\u00e7\u00e3o com o mesmo per\u00edodo do ano passado, a queda foi maior, de 2,7%. Os percentuais, divulgados pelo Banco Central (BC), t\u00eam ajuste sazonal. Isso significa que est\u00e3o descontados os efeitos que as diferentes \u00e9pocas do ano t\u00eam sobre a economia.<\/p>\n<p>Levando-se em conta o per\u00edodo acumulado de 12 meses, houve recuo de 1,18%. O IBC-Br \u00e9 uma forma de avaliar a evolu\u00e7\u00e3o da atividade econ\u00f4mica brasileira. O \u00edndice incorpora informa\u00e7\u00f5es sobre o n\u00edvel de atividade dos tr\u00eas setores da economia: ind\u00fastria, com\u00e9rcio e servi\u00e7os e agropecu\u00e1ria. Os n\u00fameros do \u00edndice s\u00e3o uma an\u00e1lise do Banco Central sobre o crescimento, mas no Brasil quem divulga o PIB (soma de todos os bens e riquezas de um pa\u00eds) \u00e9 o Instituto Brasileiro de Geografia e Estat\u00edstica (IBGE).<\/p>\n<p>At\u00e9 o momento, a proje\u00e7\u00e3o oficial do BC para o fechamento do PIB em 2015 \u00e9 retra\u00e7\u00e3o de 0,5%, conforme o Relat\u00f3rio Trimestral de Infla\u00e7\u00e3o, divulgado em mar\u00e7o. J\u00e1 o mercado financeiro projeta retra\u00e7\u00e3o de 1,2% para o PIB este ano, de acordo com o mais recente boletim Focus.<\/p>\n<p>Mariana Branco \u2013 Rep\u00f3rter da Ag\u00eancia Brasil<br \/>\nEdi\u00e7\u00e3o: Denise Griesinger<\/p>\n","protected":false},"excerpt":{"rendered":"<p>A atividade econ\u00f4mica apresentou queda de 1,07% em mar\u00e7o em rela\u00e7\u00e3o a fevereiro. Na compara\u00e7\u00e3o com o mesmo per\u00edodo do ano passado, a queda foi maior, de 2,7%. Os percentuais, divulgados pelo Banco Central (BC), t\u00eam ajuste sazonal. Isso significa que est\u00e3o descontados os efeitos que as diferentes \u00e9pocas do ano t\u00eam sobre a economia. [&hellip;]<\/p>\n","protected":false},"author":2,"featured_media":40517,"comment_status":"open","ping_status":"closed","sticky":false,"template":"","format":"standard","meta":{"_genesis_hide_title":false,"_genesis_hide_breadcrumbs":false,"_genesis_hide_singular_image":false,"_genesis_hide_footer_widgets":false,"_genesis_custom_body_class":"","_genesis_custom_post_class":"","_genesis_layout":"","_jetpack_memberships_contains_paid_content":false,"footnotes":""},"categories":[22,7],"tags":[],"class_list":{"0":"post-70429","1":"post","2":"type-post","3":"status-publish","4":"format-standard","5":"has-post-thumbnail","7":"category-brasil","8":"category-economia","9":"entry","10":"gs-1","11":"gs-odd","12":"gs-even","13":"gs-featured-content-entry"},"jetpack_featured_media_url":"https:\/\/www.redenoticia.com.br\/noticia\/imagens\/economia-previsao.jpg","jetpack_sharing_enabled":true,"jetpack_likes_enabled":true,"_links":{"self":[{"href":"https:\/\/www.redenoticia.com.br\/noticia\/wp-json\/wp\/v2\/posts\/70429","targetHints":{"allow":["GET"]}}],"collection":[{"href":"https:\/\/www.redenoticia.com.br\/noticia\/wp-json\/wp\/v2\/posts"}],"about":[{"href":"https:\/\/www.redenoticia.com.br\/noticia\/wp-json\/wp\/v2\/types\/post"}],"author":[{"embeddable":true,"href":"https:\/\/www.redenoticia.com.br\/noticia\/wp-json\/wp\/v2\/users\/2"}],"replies":[{"embeddable":true,"href":"https:\/\/www.redenoticia.com.br\/noticia\/wp-json\/wp\/v2\/comments?post=70429"}],"version-history":[{"count":0,"href":"https:\/\/www.redenoticia.com.br\/noticia\/wp-json\/wp\/v2\/posts\/70429\/revisions"}],"wp:featuredmedia":[{"embeddable":true,"href":"https:\/\/www.redenoticia.com.br\/noticia\/wp-json\/wp\/v2\/media\/40517"}],"wp:attachment":[{"href":"https:\/\/www.redenoticia.com.br\/noticia\/wp-json\/wp\/v2\/media?parent=70429"}],"wp:term":[{"taxonomy":"category","embeddable":true,"href":"https:\/\/www.redenoticia.com.br\/noticia\/wp-json\/wp\/v2\/categories?post=70429"},{"taxonomy":"post_tag","embeddable":true,"href":"https:\/\/www.redenoticia.com.br\/noticia\/wp-json\/wp\/v2\/tags?post=70429"}],"curies":[{"name":"wp","href":"https:\/\/api.w.org\/{rel}","templated":true}]}}