{"id":70427,"date":"2015-05-21T14:50:52","date_gmt":"2015-05-21T17:50:52","guid":{"rendered":"http:\/\/www.redenoticia.com.br\/noticia\/?p=70427"},"modified":"2015-05-21T14:50:52","modified_gmt":"2015-05-21T17:50:52","slug":"relatorio-da-ocde-aponta-reducao-da-desigualdade-de-renda-no-brasil","status":"publish","type":"post","link":"https:\/\/www.redenoticia.com.br\/noticia\/2015\/relatorio-da-ocde-aponta-reducao-da-desigualdade-de-renda-no-brasil\/70427","title":{"rendered":"Relat\u00f3rio da OCDE aponta redu\u00e7\u00e3o da desigualdade de renda no Brasil"},"content":{"rendered":"<p> Relat\u00f3rio da Organiza\u00e7\u00e3o para a Coopera\u00e7\u00e3o e Desenvolvimento Econ\u00f4mico (OCDE), divulgado em Paris, mostra o Brasil como pa\u00eds que apresentou sinais promissores de redu\u00e7\u00e3o das <strong><em>desigualdades sociais<\/em><\/strong>, juntamente com Peru, M\u00e9xico, Argentina e Chile. Apesar dos bons resultados, a Am\u00e9rica Latina continua entre as regi\u00f5es com a maior disparidade entre ricos e pobres do mundo.<\/p>\n<p>O documento faz uma an\u00e1lise espec\u00edfica da desigualdade em economias emergentes, comparando os resultados com a m\u00e9dia dos pa\u00edses integrantes da organiza\u00e7\u00e3o. De acordo com o estudo, o Brasil conta com um coeficiente de Gini \u2013 \u00edndice usado para medir a desigualdade de renda de uma na\u00e7\u00e3o \u2013 de 0,56, menor que os 0,60 apresentados na d\u00e9cada de 90. Quanto mais pr\u00f3ximo de 1, mais desigual \u00e9 o pa\u00eds e quanto mais pr\u00f3ximo de 0, menos desigual. Mesmo com a melhora, o Brasil \u00e9 mais desigual em rela\u00e7\u00e3o aos estados-membros da OCDE, que t\u00eam m\u00e9dia de 0,32.<\/p>\n<p>Na compara\u00e7\u00e3o com outros pa\u00edses latino-americanos, o Brasil \u00e9 mais desigual que Chile, Argentina, Peru e M\u00e9xico. No grupo do Brics (Brasil, R\u00fassia, \u00cdndia, China e \u00c1frica do Sul), o Brasil tem o segundo maior Gini, atr\u00e1s apenas da \u00c1frica do Sul (0,67).<\/p>\n<p>A tend\u00eancia de redu\u00e7\u00e3o registrada na Am\u00e9rica Latina e Caribe, de acordo com o relat\u00f3rio, contrasta com o aumento da desigualdade na maioria dos pa\u00edses-membros da OCDE, em especial nas na\u00e7\u00f5es que adotaram a austeridade fiscal como resposta \u00e0 crise econ\u00f4mica de 2008\/2009. Atualmente, na regi\u00e3o analisada, os 10% mais ricos ganham 9,6 vezes mais que os 10% mais pobres. A propor\u00e7\u00e3o, que era 7 para 1 na d\u00e9cada de 80, passou para 9 para 1, depois do ano 2000.<\/p>\n<p>Para o secret\u00e1rio-geral da OCDE, Angel Gurr\u00eda, os altos \u00edndices de desigualdade atrapalham o crescimento. \u201cAs consequ\u00eancias s\u00e3o tanto econ\u00f4micas quanto sociais\u201d, disse. Segundo o relat\u00f3rio, a disparidade de renda \u00e9 maior no Chile, M\u00e9xico, Turquia, Estados Unidos e Israel, e menor na Dinamarca, Eslov\u00eania, Eslov\u00e1quia e Noruega.<\/p>\n<p>Economias emergentes como o Brasil, de acordo com o estudo, acertaram ao optar por medidas de refor\u00e7o da prote\u00e7\u00e3o social e de redistribui\u00e7\u00e3o de renda para combater a redu\u00e7\u00e3o da pobreza e da desigualdade.<\/p>\n<p>A amplia\u00e7\u00e3o do acesso \u00e0 educa\u00e7\u00e3o e o aumento no sal\u00e1rio m\u00ednimo resultou, no Brasil e em outros pa\u00edses analisados, na redu\u00e7\u00e3o da desigualdade de renda no trabalho. A diferen\u00e7a salarial entre postos que exigem maior e menor qualifica\u00e7\u00e3o diminuiu. Al\u00e9m disso, a amplia\u00e7\u00e3o dos programas de transfer\u00eancia de renda, como o Bolsa Fam\u00edlia, por exemplo, contribu\u00edram para promover maior redistribui\u00e7\u00e3o de renda e, consequentemente, mais desenvolvimento.<\/p>\n<p>Para reduzir a dist\u00e2ncia entre ricos e pobres e ampliar o crescimento, o relat\u00f3rio recomenda a promo\u00e7\u00e3o de mais igualdade entre homens e mulheres, amplia\u00e7\u00e3o do acesso a melhores empregos, mais investimentos em educa\u00e7\u00e3o e forma\u00e7\u00e3o e redistribui\u00e7\u00e3o de recursos, por meio de transfer\u00eancias de renda. Sugere, ainda, que as economias emergentes avancem nas medidas de formaliza\u00e7\u00e3o da m\u00e3o de obra e  simplifica\u00e7\u00e3o do sistema tribut\u00e1rio. Citou a implanta\u00e7\u00e3o do Simples Nacional, pelo Brasil, como exemplo de sucesso.<\/p>\n<p>Giselle Garcia &#8211; Correspondente da Ag\u00eancia Brasil\/EBC<br \/>\nEdi\u00e7\u00e3o: Jos\u00e9 Romildo<\/p>\n","protected":false},"excerpt":{"rendered":"<p>Relat\u00f3rio da Organiza\u00e7\u00e3o para a Coopera\u00e7\u00e3o e Desenvolvimento Econ\u00f4mico (OCDE), divulgado em Paris, mostra o Brasil como pa\u00eds que apresentou sinais promissores de redu\u00e7\u00e3o das desigualdades sociais, juntamente com Peru, M\u00e9xico, Argentina e Chile. Apesar dos bons resultados, a Am\u00e9rica Latina continua entre as regi\u00f5es com a maior disparidade entre ricos e pobres do mundo. [&hellip;]<\/p>\n","protected":false},"author":2,"featured_media":57583,"comment_status":"open","ping_status":"closed","sticky":false,"template":"","format":"standard","meta":{"_genesis_hide_title":false,"_genesis_hide_breadcrumbs":false,"_genesis_hide_singular_image":false,"_genesis_hide_footer_widgets":false,"_genesis_custom_body_class":"","_genesis_custom_post_class":"","_genesis_layout":"","_jetpack_memberships_contains_paid_content":false,"footnotes":""},"categories":[22],"tags":[],"class_list":{"0":"post-70427","1":"post","2":"type-post","3":"status-publish","4":"format-standard","5":"has-post-thumbnail","7":"category-brasil","8":"entry","9":"gs-1","10":"gs-odd","11":"gs-even","12":"gs-featured-content-entry"},"jetpack_featured_media_url":"https:\/\/www.redenoticia.com.br\/noticia\/imagens\/economia-grafico.jpg","jetpack_sharing_enabled":true,"jetpack_likes_enabled":true,"_links":{"self":[{"href":"https:\/\/www.redenoticia.com.br\/noticia\/wp-json\/wp\/v2\/posts\/70427","targetHints":{"allow":["GET"]}}],"collection":[{"href":"https:\/\/www.redenoticia.com.br\/noticia\/wp-json\/wp\/v2\/posts"}],"about":[{"href":"https:\/\/www.redenoticia.com.br\/noticia\/wp-json\/wp\/v2\/types\/post"}],"author":[{"embeddable":true,"href":"https:\/\/www.redenoticia.com.br\/noticia\/wp-json\/wp\/v2\/users\/2"}],"replies":[{"embeddable":true,"href":"https:\/\/www.redenoticia.com.br\/noticia\/wp-json\/wp\/v2\/comments?post=70427"}],"version-history":[{"count":0,"href":"https:\/\/www.redenoticia.com.br\/noticia\/wp-json\/wp\/v2\/posts\/70427\/revisions"}],"wp:featuredmedia":[{"embeddable":true,"href":"https:\/\/www.redenoticia.com.br\/noticia\/wp-json\/wp\/v2\/media\/57583"}],"wp:attachment":[{"href":"https:\/\/www.redenoticia.com.br\/noticia\/wp-json\/wp\/v2\/media?parent=70427"}],"wp:term":[{"taxonomy":"category","embeddable":true,"href":"https:\/\/www.redenoticia.com.br\/noticia\/wp-json\/wp\/v2\/categories?post=70427"},{"taxonomy":"post_tag","embeddable":true,"href":"https:\/\/www.redenoticia.com.br\/noticia\/wp-json\/wp\/v2\/tags?post=70427"}],"curies":[{"name":"wp","href":"https:\/\/api.w.org\/{rel}","templated":true}]}}