{"id":70360,"date":"2015-05-19T20:04:07","date_gmt":"2015-05-19T23:04:07","guid":{"rendered":"http:\/\/www.redenoticia.com.br\/noticia\/?p=70360"},"modified":"2015-05-19T20:04:07","modified_gmt":"2015-05-19T23:04:07","slug":"igp-m-registra-041-em-segunda-previa-de-maio","status":"publish","type":"post","link":"https:\/\/www.redenoticia.com.br\/noticia\/2015\/igp-m-registra-041-em-segunda-previa-de-maio\/70360","title":{"rendered":"IGP-M registra 0,41% em segunda pr\u00e9via de maio"},"content":{"rendered":"<p> O \u00cdndice Geral de Pre\u00e7os-Mercado (<strong><em>IGP-M<\/em><\/strong>) teve varia\u00e7\u00e3o de 0,41% no segundo dec\u00eandio de maio, ficando abaixo do \u00edndice de 1,16% registrado no mesmo per\u00edodo do m\u00eas passado. O indicador \u00e9 medido entre os dias 21 do m\u00eas anterior e 10 do m\u00eas de refer\u00eancia.<\/p>\n<p>Todos os \u00edndices de pre\u00e7o que comp\u00f5em o IGP-M apresentaram o mesmo movimento de diminui\u00e7\u00e3o na taxa de infla\u00e7\u00e3o. O \u00cdndice de Pre\u00e7os ao Produtor Amplo (IPA) recuou de 1,41% para 0,39%. O \u00cdndice de Pre\u00e7os ao Consumidor (IPC), diminuiu de 0,67% para 0,52%, e o \u00cdndice Nacional de Custo da Constru\u00e7\u00e3o (INCC), de 0,72% para 0,3%.<\/p>\n<p> A queda mais forte registrada no \u00edndice de pre\u00e7os ao produtor foi obtida com retra\u00e7\u00f5es nas taxas que medem os tr\u00eas tipos de bens: finais, intermedi\u00e1rios e mat\u00e9rias-primas brutas. Os alimentos in natura, com queda de 0,52% para -3,71%, reduziram os pre\u00e7os dos bens finais, cujo \u00edndice caiu de 0,99% para 0,53%. J\u00e1 as mat\u00e9rias primas tiveram redu\u00e7\u00e3o no indicador com a contribui\u00e7\u00e3o dos pre\u00e7os da soja, do milho e caf\u00e9. Os bens intermedi\u00e1rios passaram de 1,61% para 0,82%, com destaque para queda do subgrupo suprimentos, de 4,71% para -0,41%.<\/p>\n<p>No caso do \u00cdndice de Pre\u00e7os ao Consumidor, a queda no grupo Habita\u00e7\u00e3o, de 1,38% para 0,68%, foi a mais intensa. A alta nos pre\u00e7os da tarifa de energia residencial foi menos intensa, caindo de 6,03% para 1,53%. A diminui\u00e7\u00e3o na infla\u00e7\u00e3o tamb\u00e9m ocorreu na alimenta\u00e7\u00e3o, no transporte, nas despesas diversas e na educa\u00e7\u00e3o, leitura e recrea\u00e7\u00e3o. Sa\u00fade e cuidados pessoais, vestu\u00e1rio e comunica\u00e7\u00e3o registraram alta.<\/p>\n<p>Vin\u00edcius Lisboa &#8211; Rep\u00f3rter da Ag\u00eancia Brasil<br \/>\nEdi\u00e7\u00e3o: Marcos Chagas<\/p>\n","protected":false},"excerpt":{"rendered":"<p>O \u00cdndice Geral de Pre\u00e7os-Mercado (IGP-M) teve varia\u00e7\u00e3o de 0,41% no segundo dec\u00eandio de maio, ficando abaixo do \u00edndice de 1,16% registrado no mesmo per\u00edodo do m\u00eas passado. O indicador \u00e9 medido entre os dias 21 do m\u00eas anterior e 10 do m\u00eas de refer\u00eancia. Todos os \u00edndices de pre\u00e7o que comp\u00f5em o IGP-M apresentaram [&hellip;]<\/p>\n","protected":false},"author":2,"featured_media":57585,"comment_status":"open","ping_status":"closed","sticky":false,"template":"","format":"standard","meta":{"_genesis_hide_title":false,"_genesis_hide_breadcrumbs":false,"_genesis_hide_singular_image":false,"_genesis_hide_footer_widgets":false,"_genesis_custom_body_class":"","_genesis_custom_post_class":"","_genesis_layout":"","_jetpack_memberships_contains_paid_content":false,"footnotes":""},"categories":[22,7],"tags":[],"class_list":{"0":"post-70360","1":"post","2":"type-post","3":"status-publish","4":"format-standard","5":"has-post-thumbnail","7":"category-brasil","8":"category-economia","9":"entry","10":"gs-1","11":"gs-odd","12":"gs-even","13":"gs-featured-content-entry"},"jetpack_featured_media_url":"https:\/\/www.redenoticia.com.br\/noticia\/imagens\/analise-economia.jpg","jetpack_sharing_enabled":true,"jetpack_likes_enabled":true,"_links":{"self":[{"href":"https:\/\/www.redenoticia.com.br\/noticia\/wp-json\/wp\/v2\/posts\/70360","targetHints":{"allow":["GET"]}}],"collection":[{"href":"https:\/\/www.redenoticia.com.br\/noticia\/wp-json\/wp\/v2\/posts"}],"about":[{"href":"https:\/\/www.redenoticia.com.br\/noticia\/wp-json\/wp\/v2\/types\/post"}],"author":[{"embeddable":true,"href":"https:\/\/www.redenoticia.com.br\/noticia\/wp-json\/wp\/v2\/users\/2"}],"replies":[{"embeddable":true,"href":"https:\/\/www.redenoticia.com.br\/noticia\/wp-json\/wp\/v2\/comments?post=70360"}],"version-history":[{"count":0,"href":"https:\/\/www.redenoticia.com.br\/noticia\/wp-json\/wp\/v2\/posts\/70360\/revisions"}],"wp:featuredmedia":[{"embeddable":true,"href":"https:\/\/www.redenoticia.com.br\/noticia\/wp-json\/wp\/v2\/media\/57585"}],"wp:attachment":[{"href":"https:\/\/www.redenoticia.com.br\/noticia\/wp-json\/wp\/v2\/media?parent=70360"}],"wp:term":[{"taxonomy":"category","embeddable":true,"href":"https:\/\/www.redenoticia.com.br\/noticia\/wp-json\/wp\/v2\/categories?post=70360"},{"taxonomy":"post_tag","embeddable":true,"href":"https:\/\/www.redenoticia.com.br\/noticia\/wp-json\/wp\/v2\/tags?post=70360"}],"curies":[{"name":"wp","href":"https:\/\/api.w.org\/{rel}","templated":true}]}}