{"id":70358,"date":"2015-05-19T20:01:32","date_gmt":"2015-05-19T23:01:32","guid":{"rendered":"http:\/\/www.redenoticia.com.br\/noticia\/?p=70358"},"modified":"2015-05-19T20:01:32","modified_gmt":"2015-05-19T23:01:32","slug":"intencao-de-consumo-das-familias-acumula-queda-de-212-em-um-ano","status":"publish","type":"post","link":"https:\/\/www.redenoticia.com.br\/noticia\/2015\/intencao-de-consumo-das-familias-acumula-queda-de-212-em-um-ano\/70358","title":{"rendered":"Inten\u00e7\u00e3o de Consumo das Fam\u00edlias acumula queda de 21,2% em um ano"},"content":{"rendered":"<p> A <strong><em>Inten\u00e7\u00e3o de Consumo das Fam\u00edlias<\/em><\/strong> (ICF) caiu 6,3% de mar\u00e7o para maio deste ano, alcan\u00e7ando 96,4 pontos e registrando o quarto m\u00ednimo hist\u00f3rico consecutivo. Quando comparado a maio do ano passado, o ICF acumula queda de 21,2%, com todos os quesitos se mantendo nos menores valores de suas s\u00e9ries hist\u00f3ricas.<\/p>\n<p>Os dados foram divulgados pela Confedera\u00e7\u00e3o Nacional do Com\u00e9rcio de Bens, Servi\u00e7os e Turismo (CNC). De acordo com a CNC, o \u00edndice atingiu, pela primeira vez, um n\u00edvel menor do que 100 pontos, significando que ficou abaixo da zona de indiferen\u00e7a e indicando &#8220;uma percep\u00e7\u00e3o de insatisfa\u00e7\u00e3o com a situa\u00e7\u00e3o atual\u201d.<\/p>\n<p>A retra\u00e7\u00e3o foi maior entre as fam\u00edlias com renda abaixo de dez sal\u00e1rios m\u00ednimos, com redu\u00e7\u00e3o de 6,4% na compara\u00e7\u00e3o mensal. Entre as fam\u00edlias com renda acima de dez sal\u00e1rios m\u00ednimos, a queda da inten\u00e7\u00e3o de consumo caiu 6,1% de abril para maio. Segundo a CNC, o \u00edndice das fam\u00edlias mais ricas chegou a 94,5 pontos e o das demais a 97 pontos.<\/p>\n<p> Na mesma base comparativa, os dados regionais revelaram que a maior retra\u00e7\u00e3o ocorreu na Regi\u00e3o Sudeste, com queda de 9,2%. A avalia\u00e7\u00e3o mais positiva foi registrada na Regi\u00e3o Centro-Oeste, com redu\u00e7\u00e3o de apenas 0,3%.<\/p>\n<p>Para a CNC, os n\u00fameros refletem \u201co elevado custo do cr\u00e9dito e o alto n\u00edvel de endividamento das fam\u00edlias, que permanecem como os principais motivadores do enfraquecimento na inten\u00e7\u00e3o de compras a prazo\u201d. O componente Acesso ao Cr\u00e9dito novamente registrou quedas mensais e anuais de 7,7% e 22,1%, respectivamente, atingindo o menor n\u00edvel da s\u00e9rie, com 99,3 pontos e abaixo do n\u00edvel de indiferen\u00e7a.<\/p>\n<p>O componente Emprego Atual registrou quedas de 3,4% em rela\u00e7\u00e3o ao m\u00eas anterior e de 10,8% na compara\u00e7\u00e3o com o mesmo per\u00edodo do ano passado. \u201cO percentual de fam\u00edlias mais seguras em rela\u00e7\u00e3o ao Emprego Atual \u2013 quesito que vem diminuindo a cada m\u00eas e que no m\u00eas anterior estava em 40% \u00e9 hoje de 37,2%\u201d, destacou a CNC.<\/p>\n<p>Em rela\u00e7\u00e3o \u00e0s regi\u00f5es pesquisadas, Centro-Oeste, Sul e Nordeste t\u00eam as fam\u00edlias mais confiantes em rela\u00e7\u00e3o ao Emprego Atual. As regi\u00f5es Norte e Sudeste registraram menor n\u00edvel de confian\u00e7a.<\/p>\n<p>O componente N\u00edvel de Consumo Atual apresentou quedas de 7,4% em rela\u00e7\u00e3o ao m\u00eas anterior e de 24,8% sobre o mesmo per\u00edodo do ano passado. A maior parte das fam\u00edlias declarou estar com o n\u00edvel de consumo menor que o do ano passado (46,8% ante 43,3% em abril). <\/p>\n<p>Nielmar de Oliveira &#8211; Rep\u00f3rter da Ag\u00eancia Brasil<br \/>\nEdi\u00e7\u00e3o: Armando Cardoso<\/p>\n","protected":false},"excerpt":{"rendered":"<p>A Inten\u00e7\u00e3o de Consumo das Fam\u00edlias (ICF) caiu 6,3% de mar\u00e7o para maio deste ano, alcan\u00e7ando 96,4 pontos e registrando o quarto m\u00ednimo hist\u00f3rico consecutivo. Quando comparado a maio do ano passado, o ICF acumula queda de 21,2%, com todos os quesitos se mantendo nos menores valores de suas s\u00e9ries hist\u00f3ricas. Os dados foram divulgados [&hellip;]<\/p>\n","protected":false},"author":2,"featured_media":57583,"comment_status":"open","ping_status":"closed","sticky":false,"template":"","format":"standard","meta":{"_genesis_hide_title":false,"_genesis_hide_breadcrumbs":false,"_genesis_hide_singular_image":false,"_genesis_hide_footer_widgets":false,"_genesis_custom_body_class":"","_genesis_custom_post_class":"","_genesis_layout":"","_jetpack_memberships_contains_paid_content":false,"footnotes":""},"categories":[22,7],"tags":[],"class_list":{"0":"post-70358","1":"post","2":"type-post","3":"status-publish","4":"format-standard","5":"has-post-thumbnail","7":"category-brasil","8":"category-economia","9":"entry","10":"gs-1","11":"gs-odd","12":"gs-even","13":"gs-featured-content-entry"},"jetpack_featured_media_url":"https:\/\/www.redenoticia.com.br\/noticia\/imagens\/economia-grafico.jpg","jetpack_sharing_enabled":true,"jetpack_likes_enabled":true,"_links":{"self":[{"href":"https:\/\/www.redenoticia.com.br\/noticia\/wp-json\/wp\/v2\/posts\/70358","targetHints":{"allow":["GET"]}}],"collection":[{"href":"https:\/\/www.redenoticia.com.br\/noticia\/wp-json\/wp\/v2\/posts"}],"about":[{"href":"https:\/\/www.redenoticia.com.br\/noticia\/wp-json\/wp\/v2\/types\/post"}],"author":[{"embeddable":true,"href":"https:\/\/www.redenoticia.com.br\/noticia\/wp-json\/wp\/v2\/users\/2"}],"replies":[{"embeddable":true,"href":"https:\/\/www.redenoticia.com.br\/noticia\/wp-json\/wp\/v2\/comments?post=70358"}],"version-history":[{"count":0,"href":"https:\/\/www.redenoticia.com.br\/noticia\/wp-json\/wp\/v2\/posts\/70358\/revisions"}],"wp:featuredmedia":[{"embeddable":true,"href":"https:\/\/www.redenoticia.com.br\/noticia\/wp-json\/wp\/v2\/media\/57583"}],"wp:attachment":[{"href":"https:\/\/www.redenoticia.com.br\/noticia\/wp-json\/wp\/v2\/media?parent=70358"}],"wp:term":[{"taxonomy":"category","embeddable":true,"href":"https:\/\/www.redenoticia.com.br\/noticia\/wp-json\/wp\/v2\/categories?post=70358"},{"taxonomy":"post_tag","embeddable":true,"href":"https:\/\/www.redenoticia.com.br\/noticia\/wp-json\/wp\/v2\/tags?post=70358"}],"curies":[{"name":"wp","href":"https:\/\/api.w.org\/{rel}","templated":true}]}}