{"id":70357,"date":"2015-05-19T20:07:37","date_gmt":"2015-05-19T23:07:37","guid":{"rendered":"http:\/\/www.redenoticia.com.br\/noticia\/?p=70357"},"modified":"2015-05-19T20:07:37","modified_gmt":"2015-05-19T23:07:37","slug":"vendas-caem-27-na-primeira-quinzena-de-maio-na-capital-sp","status":"publish","type":"post","link":"https:\/\/www.redenoticia.com.br\/noticia\/2015\/vendas-caem-27-na-primeira-quinzena-de-maio-na-capital-sp\/70357","title":{"rendered":"Vendas caem 2,7% na primeira quinzena de maio na capital SP"},"content":{"rendered":"<p> O <strong><em>Balan\u00e7o de Vendas<\/em><\/strong> da Associa\u00e7\u00e3o Comercial de S\u00e3o Paulo (ACSP) aponta queda m\u00e9dia de 2,7% no varejo paulistano na primeira quinzena de maio em compara\u00e7\u00e3o com o mesmo per\u00edodo do ano passado. Separadamente, o movimento do com\u00e9rcio a prazo teve retra\u00e7\u00e3o de 3% sobre igual per\u00edodo de 2014. J\u00e1 as vendas \u00e0 vista ca\u00edram 2,4%. <\/p>\n<p>&#8220;Esses recuos se devem, principalmente, ao cen\u00e1rio de aumento dos juros, restri\u00e7\u00e3o ao cr\u00e9dito, queda da massa salarial e eleva\u00e7\u00e3o de tarifas, diminuindo o poder aquisitivo do consumidor&#8221;, analisa Alencar Burti, presidente da ACSP e da Facesp (Federa\u00e7\u00e3o das Associa\u00e7\u00f5es Comerciais do Estado de S\u00e3o Paulo).<\/p>\n<p>Contudo, em compara\u00e7\u00e3o com a primeira quinzena de abril de 2015, houve saltos de 22% e 53,1% nas vendas a prazo e \u00e0 vista, respectivamente. Esse desempenho se deve a uma base fraca de vendas em abril e, sobretudo, ao Dia das M\u00e3es, que impulsionou o com\u00e9rcio na cidade no in\u00edcio de maio &#8211; ainda que abaixo das expectativas. Na avalia\u00e7\u00e3o da ACSP, trata-se, em ambos os casos, de altas sazonais, que dificilmente v\u00e3o se sustentar at\u00e9 o fim do m\u00eas. De acordo com a entidade, \u00e9 poss\u00edvel que o acumulado de maio registre melhora em compara\u00e7\u00e3o com o m\u00eas anterior, mas &#8211; caso ocorra &#8211; ser\u00e1 em menor escala.<\/p>\n<p>Ainda segundo o Balan\u00e7o de Vendas, nos primeiros quinze dias de maio, os destaques na venda a prazo foram os eletroport\u00e1teis e eletrodom\u00e9sticos de baixo valor. As vendas \u00e0 vista, por sua vez, foram puxadas pelos segmentos de vestu\u00e1rio, bijuterias e produtos de beleza.<\/p>\n<p>&#8220;Embora os aumentos entre as quinzenas de maio e abril pare\u00e7am expressivas, eles n\u00e3o se sustentam em tempos de crise, at\u00e9 mesmo porque as vendas costumam despencar ap\u00f3s as datas festivas&#8221;, explica Burti.<\/p>\n<p>A preocupa\u00e7\u00e3o do dirigente vem na esteira da queda da massa salarial e do aumento do desemprego, al\u00e9m dos fatores relativos ao cr\u00e9dito, como o aumento dos juros e a restri\u00e7\u00e3o a empr\u00e9stimos.<\/p>\n<p>Inadimpl\u00eancia<\/p>\n<p>O Balan\u00e7o de Vendas da ACSP tamb\u00e9m pesquisou a inadimpl\u00eancia na capital paulista. Na compara\u00e7\u00e3o com a primeira quinzena de abril, houve aumento de 10,1% no Indicador de Registro de Inadimplentes (IRI), que mede o n\u00famero de carn\u00eas em atraso. Na compara\u00e7\u00e3o interanual, entretanto, houve queda de 6,1%.<\/p>\n<p>J\u00e1 o Indicador de Recupera\u00e7\u00e3o de Cr\u00e9dito (IRC), que aponta os cancelamentos de d\u00edvidas, apresentou alta de 12,4% na compara\u00e7\u00e3o entre a primeira quinzena de maio e abril deste ano. Na verifica\u00e7\u00e3o contra a primeira quinzena de maio do ano passado, por\u00e9m, o IRC registrou queda de 11,8%.<\/p>\n<p>Esses n\u00fameros mostram que as quedas do IRI e do IRC no comparativo com 2014 s\u00e3o resultantes da diminui\u00e7\u00e3o da demanda de cr\u00e9dito por parte do consumidor. Em outras palavras &#8211; at\u00e9 mesmo pela conjuntura econ\u00f4mica do Pa\u00eds &#8211; h\u00e1 menos pessoas fazendo compras. Contudo, as perspectivas futuras da inadimpl\u00eancia s\u00e3o de ligeira alta.<\/p>\n<p>No entendimento da ASCP, o que realmente determinar\u00e1 se a inadimpl\u00eancia vai aumentar ou diminuir ser\u00e1 o desemprego. &#8220;O desemprego \u00e9 o principal fator. Mas a alta da taxa de juros tamb\u00e9m \u00e9 um elemento que merece ser acompanhado atentamente, uma vez que pode acarretar na restri\u00e7\u00e3o de linhas de cr\u00e9dito a pessoas f\u00edsicas tanto para vendas quanto para renegocia\u00e7\u00f5es&#8221;, afirma Alencar Burti.<\/p>\n<p> Sobre a ACSP<\/p>\n<p>A Associa\u00e7\u00e3o Comercial de S\u00e3o Paulo (ACSP), em seus 120 anos de hist\u00f3ria, \u00e9 considerada a voz do empreendedor paulistano. A institui\u00e7\u00e3o atua diretamente na defesa da livre iniciativa e, ao longo de sua trajet\u00f3ria, esteve sempre ao lado da pequena e m\u00e9dia empresa e dos profissionais liberais, contribuindo para o desenvolvimento do com\u00e9rcio, da ind\u00fastria e da presta\u00e7\u00e3o de servi\u00e7os. Al\u00e9m do seu pr\u00e9dio central, a ACSP disp\u00f5e de 15 Sedes Distritais, que mant\u00eam os associados informados sobre assuntos do seu interesse, promovem palestras e buscam solu\u00e7\u00f5es para os problemas de cada regi\u00e3o.<\/p>\n","protected":false},"excerpt":{"rendered":"<p>O Balan\u00e7o de Vendas da Associa\u00e7\u00e3o Comercial de S\u00e3o Paulo (ACSP) aponta queda m\u00e9dia de 2,7% no varejo paulistano na primeira quinzena de maio em compara\u00e7\u00e3o com o mesmo per\u00edodo do ano passado. Separadamente, o movimento do com\u00e9rcio a prazo teve retra\u00e7\u00e3o de 3% sobre igual per\u00edodo de 2014. J\u00e1 as vendas \u00e0 vista ca\u00edram [&hellip;]<\/p>\n","protected":false},"author":2,"featured_media":38938,"comment_status":"open","ping_status":"closed","sticky":false,"template":"","format":"standard","meta":{"_genesis_hide_title":false,"_genesis_hide_breadcrumbs":false,"_genesis_hide_singular_image":false,"_genesis_hide_footer_widgets":false,"_genesis_custom_body_class":"","_genesis_custom_post_class":"","_genesis_layout":"","_jetpack_memberships_contains_paid_content":false,"footnotes":""},"categories":[22,7],"tags":[],"class_list":{"0":"post-70357","1":"post","2":"type-post","3":"status-publish","4":"format-standard","5":"has-post-thumbnail","7":"category-brasil","8":"category-economia","9":"entry","10":"gs-1","11":"gs-odd","12":"gs-even","13":"gs-featured-content-entry"},"jetpack_featured_media_url":"https:\/\/www.redenoticia.com.br\/noticia\/imagens\/economia1.jpg","jetpack_sharing_enabled":true,"jetpack_likes_enabled":true,"_links":{"self":[{"href":"https:\/\/www.redenoticia.com.br\/noticia\/wp-json\/wp\/v2\/posts\/70357","targetHints":{"allow":["GET"]}}],"collection":[{"href":"https:\/\/www.redenoticia.com.br\/noticia\/wp-json\/wp\/v2\/posts"}],"about":[{"href":"https:\/\/www.redenoticia.com.br\/noticia\/wp-json\/wp\/v2\/types\/post"}],"author":[{"embeddable":true,"href":"https:\/\/www.redenoticia.com.br\/noticia\/wp-json\/wp\/v2\/users\/2"}],"replies":[{"embeddable":true,"href":"https:\/\/www.redenoticia.com.br\/noticia\/wp-json\/wp\/v2\/comments?post=70357"}],"version-history":[{"count":0,"href":"https:\/\/www.redenoticia.com.br\/noticia\/wp-json\/wp\/v2\/posts\/70357\/revisions"}],"wp:featuredmedia":[{"embeddable":true,"href":"https:\/\/www.redenoticia.com.br\/noticia\/wp-json\/wp\/v2\/media\/38938"}],"wp:attachment":[{"href":"https:\/\/www.redenoticia.com.br\/noticia\/wp-json\/wp\/v2\/media?parent=70357"}],"wp:term":[{"taxonomy":"category","embeddable":true,"href":"https:\/\/www.redenoticia.com.br\/noticia\/wp-json\/wp\/v2\/categories?post=70357"},{"taxonomy":"post_tag","embeddable":true,"href":"https:\/\/www.redenoticia.com.br\/noticia\/wp-json\/wp\/v2\/tags?post=70357"}],"curies":[{"name":"wp","href":"https:\/\/api.w.org\/{rel}","templated":true}]}}