{"id":70353,"date":"2015-05-19T19:56:16","date_gmt":"2015-05-19T22:56:16","guid":{"rendered":"http:\/\/www.redenoticia.com.br\/noticia\/?p=70353"},"modified":"2015-05-19T19:56:16","modified_gmt":"2015-05-19T22:56:16","slug":"ibge-lanca-mapa-sobre-procedencia-de-produtos-ou-servicos-nacionais","status":"publish","type":"post","link":"https:\/\/www.redenoticia.com.br\/noticia\/2015\/ibge-lanca-mapa-sobre-procedencia-de-produtos-ou-servicos-nacionais\/70353","title":{"rendered":"IBGE lan\u00e7a mapa sobre proced\u00eancia de produtos ou servi\u00e7os nacionais"},"content":{"rendered":"<p> O Instituto Brasileiro de Geografia e Estat\u00edstica (IBGE) lan\u00e7ou o <strong><em>Mapa das Indica\u00e7\u00f5es Geogr\u00e1ficas do Brasil<\/em><\/strong>, destinado a orientar e dar garantias aos consumidores sobre a origem de 39 produtos e servi\u00e7os nacionais especialmente selecionados para integrar a publica\u00e7\u00e3o. O mapa foi elaborado em parceria com o Instituto Nacional de Propriedade Industrial (INPI).<\/p>\n<p>Os produtos e servi\u00e7os contidos no mapa s\u00e3o identificados com um selo de indica\u00e7\u00e3o geogr\u00e1fica. Esse selo d\u00e1 informa\u00e7\u00f5es ao consumidor sobre as condi\u00e7\u00f5es de fabrica\u00e7\u00e3o dos produtos ou sobre o ambiente cultural em que o servi\u00e7o \u00e9 prestado.<\/p>\n<p>Entre os produtos, encontram-se os seguintes: vinhos e espumantes do Vale dos Vinhedos, regi\u00e3o da Serra Ga\u00facha, no Rio Grande do Sul; a carne bovina  de alta qualidade do Pampa Ga\u00facho da Campanha Meridional;  e o camar\u00e3o de Costa Negra, tipo de camar\u00e3o criado em cativeiro, no Cear\u00e1, em fazendas do Baixo Acara\u00fa, no litoral oeste do estado.<\/p>\n<p>Nielmar de Oliveira &#8211; Rep\u00f3rter da Ag\u00eancia Brasil<br \/>\nEdi\u00e7\u00e3o: Jos\u00e9 Romildo<\/p>\n","protected":false},"excerpt":{"rendered":"<p>O Instituto Brasileiro de Geografia e Estat\u00edstica (IBGE) lan\u00e7ou o Mapa das Indica\u00e7\u00f5es Geogr\u00e1ficas do Brasil, destinado a orientar e dar garantias aos consumidores sobre a origem de 39 produtos e servi\u00e7os nacionais especialmente selecionados para integrar a publica\u00e7\u00e3o. O mapa foi elaborado em parceria com o Instituto Nacional de Propriedade Industrial (INPI). Os produtos [&hellip;]<\/p>\n","protected":false},"author":2,"featured_media":39993,"comment_status":"open","ping_status":"closed","sticky":false,"template":"","format":"standard","meta":{"_genesis_hide_title":false,"_genesis_hide_breadcrumbs":false,"_genesis_hide_singular_image":false,"_genesis_hide_footer_widgets":false,"_genesis_custom_body_class":"","_genesis_custom_post_class":"","_genesis_layout":"","_jetpack_memberships_contains_paid_content":false,"footnotes":""},"categories":[22],"tags":[],"class_list":{"0":"post-70353","1":"post","2":"type-post","3":"status-publish","4":"format-standard","5":"has-post-thumbnail","7":"category-brasil","8":"entry","9":"gs-1","10":"gs-odd","11":"gs-even","12":"gs-featured-content-entry"},"jetpack_featured_media_url":"https:\/\/www.redenoticia.com.br\/noticia\/imagens\/viagem-turismo-ferias-mapa.jpg","jetpack_sharing_enabled":true,"jetpack_likes_enabled":true,"_links":{"self":[{"href":"https:\/\/www.redenoticia.com.br\/noticia\/wp-json\/wp\/v2\/posts\/70353","targetHints":{"allow":["GET"]}}],"collection":[{"href":"https:\/\/www.redenoticia.com.br\/noticia\/wp-json\/wp\/v2\/posts"}],"about":[{"href":"https:\/\/www.redenoticia.com.br\/noticia\/wp-json\/wp\/v2\/types\/post"}],"author":[{"embeddable":true,"href":"https:\/\/www.redenoticia.com.br\/noticia\/wp-json\/wp\/v2\/users\/2"}],"replies":[{"embeddable":true,"href":"https:\/\/www.redenoticia.com.br\/noticia\/wp-json\/wp\/v2\/comments?post=70353"}],"version-history":[{"count":0,"href":"https:\/\/www.redenoticia.com.br\/noticia\/wp-json\/wp\/v2\/posts\/70353\/revisions"}],"wp:featuredmedia":[{"embeddable":true,"href":"https:\/\/www.redenoticia.com.br\/noticia\/wp-json\/wp\/v2\/media\/39993"}],"wp:attachment":[{"href":"https:\/\/www.redenoticia.com.br\/noticia\/wp-json\/wp\/v2\/media?parent=70353"}],"wp:term":[{"taxonomy":"category","embeddable":true,"href":"https:\/\/www.redenoticia.com.br\/noticia\/wp-json\/wp\/v2\/categories?post=70353"},{"taxonomy":"post_tag","embeddable":true,"href":"https:\/\/www.redenoticia.com.br\/noticia\/wp-json\/wp\/v2\/tags?post=70353"}],"curies":[{"name":"wp","href":"https:\/\/api.w.org\/{rel}","templated":true}]}}