{"id":70203,"date":"2015-05-14T18:56:32","date_gmt":"2015-05-14T21:56:32","guid":{"rendered":"http:\/\/www.redenoticia.com.br\/noticia\/?p=70203"},"modified":"2015-05-14T18:56:32","modified_gmt":"2015-05-14T21:56:32","slug":"candidatos-do-enem-terao-de-pagar-mais-por-taxa-de-inscricao","status":"publish","type":"post","link":"https:\/\/www.redenoticia.com.br\/noticia\/2015\/candidatos-do-enem-terao-de-pagar-mais-por-taxa-de-inscricao\/70203","title":{"rendered":"Candidatos do Enem ter\u00e3o de pagar mais por taxa de inscri\u00e7\u00e3o"},"content":{"rendered":"<p> A taxa do Exame Nacional do Ensino M\u00e9dio (<strong><em>Enem<\/em><\/strong>), que n\u00e3o sofre uma corre\u00e7\u00e3o desde 2004, foi reajustada, ela passou de R$ 35 para R$ 63. O an\u00fancio foi feito pelo ministro da Educa\u00e7\u00e3o, Renato Janine Ribeiro. N\u00e3o pagam a taxa os estudantes concluintes do ensino m\u00e9dio que declararem pobreza.<\/p>\n<p>O ministro da Educa\u00e7\u00e3o disse ainda que o reajuste equivale \u00e0 infla\u00e7\u00e3o no per\u00edodo e que ele ser\u00e1 mais frequente. &#8220;Vamos reajustar, n\u00e3o sei se anualmente, a cada dois ou tr\u00eas anos, at\u00e9 para que o valor n\u00e3o cause choque ou venha com surpresa, quando deveria vir com naturalidade&#8221;, disse.<\/p>\n<p>O secret\u00e1rio Executivo do Minist\u00e9rio da Educa\u00e7\u00e3o (MEC), Luiz Cl\u00e1udio Costa, ressaltou que a taxa do Enem, mesmo com o aumento, permanece inferior ao de vestibulares convencionais, al\u00e9m de exame permitir ao estudante participar de diversos programas de acesso ao ensino superior.<\/p>\n<p>O Minist\u00e9rio da Educa\u00e7\u00e3o (MEC) anunciou tamb\u00e9m que ser\u00e1 rigoroso com os estudantes isentos que n\u00e3o comparecerem para fazer o exame. De acordo com o \u00f3rg\u00e3o, quem n\u00e3o apresentar uma justificativa para a aus\u00eancia, no exame seguinte ter\u00e1 de pagar pela inscri\u00e7\u00e3o. O MEC vai definir, ainda, quais ser\u00e3o as justificativas aceitas. Segundo a pasta, do total de 8,7 milh\u00f5es de estudantes inscritos, 2,5 milh\u00f5es faltaram, significando 28,6%.<\/p>\n<p>&#8220;N\u00e3o podemos jogar fora 2,5 milh\u00f5es de provas como ocorreu no ano passado. Muito papel, muito dinheiro p\u00fablico&#8221;. A maior parte dos faltosos s\u00e3o estudantes isentos da taxa de inscri\u00e7\u00e3o, segundo o ministro, 65% n\u00e3o tiveram que pagara taxa e faltaram no ano passado. Essa e outras medidas v\u00e3o gerar uma economia de 20% nos gastos com o exame. Este ano, os estudantes que n\u00e3o compareceram ao exame do ano passado, e s\u00e3o isentos, n\u00e3o ter\u00e3o que pagar pela inscri\u00e7\u00e3o. Eles receber\u00e3o uma mensagem, a mesma enviada no ano passado, alertando sobre o desperd\u00edcio e convidando-os a participar da prova.<\/p>\n<p>Perguntado se ao cobrar a taxa dos estudantes pobres que faltarem ao exame, o MEC estaria desrespeitando a Lei 12.799\/2013, que estabelece a isen\u00e7\u00e3o para os candidatos de baixa renda e estudantes de escolas p\u00fablicas, o ministro explicou que a lei trata de inscri\u00e7\u00e3o para a faculdade. &#8220;Entendemos que a lei trata da isen\u00e7\u00e3o da inscri\u00e7\u00e3o para a faculdade, n\u00e3o \u00e9 do Enem [que \u00e9 um exame mais amplo]. Existem princ\u00edpios que est\u00e3o da isen\u00e7\u00e3o para inscri\u00e7\u00e3o na faculdade n\u00e3o \u00e9 Enem, existem princ\u00edpios que est\u00e3o na Constitui\u00e7\u00e3o, de economicidade, de coibir desperd\u00edcio&#8221;, disse.<\/p>\n<p>O Enem ser\u00e1 aplicado nos dias 24 e 25 de outubro. As inscri\u00e7\u00f5es ser\u00e3o feitas pela internet, no site do Instituto Nacional de Estudos e Pesquisas Educacionais An\u00edsio Teixeira (Inep), do dia 25 deste m\u00eas ao dia 5 de junho. A taxa de inscri\u00e7\u00e3o dever\u00e1 ser paga at\u00e9 o dia 10 de junho. No ano passado, cerca de 6,2 milh\u00f5es de estudantes fizeram o exame. A expectativa \u00e9 que 9 milh\u00f5es se inscrevam este ano.<\/p>\n<p>A nota do Enem pode ser usada para participar de programas como o Sistema de Sele\u00e7\u00e3o Unificada (Sisu), que disponibiliza vagas no ensino superior p\u00fablico; o Universidade para Todos (ProUni), que oferece bolsas em institui\u00e7\u00f5es privadas; e o Sistema de Sele\u00e7\u00e3o Unificada do Ensino T\u00e9cnico e Profissional (Sisutec), que garante vagas gratuitas em cursos t\u00e9cnicos. O exame tamb\u00e9m \u00e9 pr\u00e9-requisito para firmar contratos pelo Fundo de Financiamento Estudantil (Fies), obter bolsas de interc\u00e2mbio pelo Programa Ci\u00eancia sem Fronteiras e certifica\u00e7\u00e3o do ensino m\u00e9dio.<\/p>\n<p>Mariana Tokarnia &#8211; Rep\u00f3rter da Ag\u00eancia Brasil<br \/>\nEdi\u00e7\u00e3o: A\u00e9cio Amado<\/p>\n","protected":false},"excerpt":{"rendered":"<p>A taxa do Exame Nacional do Ensino M\u00e9dio (Enem), que n\u00e3o sofre uma corre\u00e7\u00e3o desde 2004, foi reajustada, ela passou de R$ 35 para R$ 63. O an\u00fancio foi feito pelo ministro da Educa\u00e7\u00e3o, Renato Janine Ribeiro. N\u00e3o pagam a taxa os estudantes concluintes do ensino m\u00e9dio que declararem pobreza. O ministro da Educa\u00e7\u00e3o disse [&hellip;]<\/p>\n","protected":false},"author":2,"featured_media":36938,"comment_status":"open","ping_status":"closed","sticky":false,"template":"","format":"standard","meta":{"_genesis_hide_title":false,"_genesis_hide_breadcrumbs":false,"_genesis_hide_singular_image":false,"_genesis_hide_footer_widgets":false,"_genesis_custom_body_class":"","_genesis_custom_post_class":"","_genesis_layout":"","_jetpack_memberships_contains_paid_content":false,"footnotes":""},"categories":[22],"tags":[],"class_list":{"0":"post-70203","1":"post","2":"type-post","3":"status-publish","4":"format-standard","5":"has-post-thumbnail","7":"category-brasil","8":"entry","9":"gs-1","10":"gs-odd","11":"gs-even","12":"gs-featured-content-entry"},"jetpack_featured_media_url":"https:\/\/www.redenoticia.com.br\/noticia\/imagens\/enem-gabarito-resultado.jpg","jetpack_sharing_enabled":true,"jetpack_likes_enabled":true,"_links":{"self":[{"href":"https:\/\/www.redenoticia.com.br\/noticia\/wp-json\/wp\/v2\/posts\/70203","targetHints":{"allow":["GET"]}}],"collection":[{"href":"https:\/\/www.redenoticia.com.br\/noticia\/wp-json\/wp\/v2\/posts"}],"about":[{"href":"https:\/\/www.redenoticia.com.br\/noticia\/wp-json\/wp\/v2\/types\/post"}],"author":[{"embeddable":true,"href":"https:\/\/www.redenoticia.com.br\/noticia\/wp-json\/wp\/v2\/users\/2"}],"replies":[{"embeddable":true,"href":"https:\/\/www.redenoticia.com.br\/noticia\/wp-json\/wp\/v2\/comments?post=70203"}],"version-history":[{"count":0,"href":"https:\/\/www.redenoticia.com.br\/noticia\/wp-json\/wp\/v2\/posts\/70203\/revisions"}],"wp:featuredmedia":[{"embeddable":true,"href":"https:\/\/www.redenoticia.com.br\/noticia\/wp-json\/wp\/v2\/media\/36938"}],"wp:attachment":[{"href":"https:\/\/www.redenoticia.com.br\/noticia\/wp-json\/wp\/v2\/media?parent=70203"}],"wp:term":[{"taxonomy":"category","embeddable":true,"href":"https:\/\/www.redenoticia.com.br\/noticia\/wp-json\/wp\/v2\/categories?post=70203"},{"taxonomy":"post_tag","embeddable":true,"href":"https:\/\/www.redenoticia.com.br\/noticia\/wp-json\/wp\/v2\/tags?post=70203"}],"curies":[{"name":"wp","href":"https:\/\/api.w.org\/{rel}","templated":true}]}}