{"id":70147,"date":"2015-05-13T18:15:32","date_gmt":"2015-05-13T21:15:32","guid":{"rendered":"http:\/\/www.redenoticia.com.br\/noticia\/?p=70147"},"modified":"2015-05-13T18:15:32","modified_gmt":"2015-05-13T21:15:32","slug":"secretaria-e-ministerio-discutem-portaria-que-preve-inclusao-racial-no-emprego","status":"publish","type":"post","link":"https:\/\/www.redenoticia.com.br\/noticia\/2015\/secretaria-e-ministerio-discutem-portaria-que-preve-inclusao-racial-no-emprego\/70147","title":{"rendered":"Secretaria e minist\u00e9rio discutem portaria que prev\u00ea inclus\u00e3o racial no emprego"},"content":{"rendered":"<p> A ministra da Secretaria de Pol\u00edticas de Promo\u00e7\u00e3o da Igualdade Racial, Nilma Lino, informou que est\u00e1 discutindo com o Minist\u00e9rio do Trabalho e Emprego os termos de uma portaria para estabelecer pol\u00edticas de governo que estimulem a <strong><em>inclus\u00e3o racial durante o processo de contrata\u00e7\u00e3o de m\u00e3o de obra<\/em><\/strong>.<\/p>\n<p>\u201cTemos dados que mostram que o campo do trabalho \u00e9 ainda de profunda desigualdade racial entre negros e brancos\u201d, observou.  Segundo ela, \u00e9 preciso que os programas e as a\u00e7\u00f5es do Minist\u00e9rio do Trabalho tamb\u00e9m visem \u00e0 inclus\u00e3o racial.  De acordo com a ministra, a a\u00e7\u00e3o do Minist\u00e9rio do Trabalho constituir\u00e1 uma etapa para que, com a ajuda dos sindicatos, movimentos sociais e de outros minist\u00e9rios, \u201chaja projetos e programas implementados a partir da assinatura da portaria\u201d.<\/p>\n<p>Nilma Lino explicou que o objetivo \u00e9 superar a discrimina\u00e7\u00e3o racial. Hoje, dia em que se celebra a aboli\u00e7\u00e3o da escravatura no Brasil, a ministra participou do programa Bom Dia, Ministro, produzido pela Empresa Brasil de Comunica\u00e7\u00e3o (EBC) Servi\u00e7os em parceria com a Secretaria de Comunica\u00e7\u00e3o da Presid\u00eancia da Rep\u00fablica. <\/p>\n<p>Dados divulgados pelo Instituto Brasileiro de Geografia e Estat\u00edstica (IBGE), em 2013, mostraram que a renda dos negros corresponde a 57,4% da remunera\u00e7\u00e3o dos brancos, percentual maior que os 48,4% registrados em 2003. Enquanto a popula\u00e7\u00e3o de cor branca teve rendimento m\u00e9dio de R$ 2.396,74 em 2013, a popula\u00e7\u00e3o preta e parda recebeu em m\u00e9dia R$ 1.374,79 por m\u00eas.<\/p>\n<p>Yara Aquino &#8211; Rep\u00f3rter da Ag\u00eancia Brasil<br \/>\nEdi\u00e7\u00e3o: Jos\u00e9 Romildo<\/p>\n","protected":false},"excerpt":{"rendered":"<p>A ministra da Secretaria de Pol\u00edticas de Promo\u00e7\u00e3o da Igualdade Racial, Nilma Lino, informou que est\u00e1 discutindo com o Minist\u00e9rio do Trabalho e Emprego os termos de uma portaria para estabelecer pol\u00edticas de governo que estimulem a inclus\u00e3o racial durante o processo de contrata\u00e7\u00e3o de m\u00e3o de obra. \u201cTemos dados que mostram que o campo [&hellip;]<\/p>\n","protected":false},"author":2,"featured_media":57585,"comment_status":"open","ping_status":"closed","sticky":false,"template":"","format":"standard","meta":{"_genesis_hide_title":false,"_genesis_hide_breadcrumbs":false,"_genesis_hide_singular_image":false,"_genesis_hide_footer_widgets":false,"_genesis_custom_body_class":"","_genesis_custom_post_class":"","_genesis_layout":"","_jetpack_memberships_contains_paid_content":false,"footnotes":""},"categories":[22],"tags":[],"class_list":{"0":"post-70147","1":"post","2":"type-post","3":"status-publish","4":"format-standard","5":"has-post-thumbnail","7":"category-brasil","8":"entry","9":"gs-1","10":"gs-odd","11":"gs-even","12":"gs-featured-content-entry"},"jetpack_featured_media_url":"https:\/\/www.redenoticia.com.br\/noticia\/imagens\/analise-economia.jpg","jetpack_sharing_enabled":true,"jetpack_likes_enabled":true,"_links":{"self":[{"href":"https:\/\/www.redenoticia.com.br\/noticia\/wp-json\/wp\/v2\/posts\/70147","targetHints":{"allow":["GET"]}}],"collection":[{"href":"https:\/\/www.redenoticia.com.br\/noticia\/wp-json\/wp\/v2\/posts"}],"about":[{"href":"https:\/\/www.redenoticia.com.br\/noticia\/wp-json\/wp\/v2\/types\/post"}],"author":[{"embeddable":true,"href":"https:\/\/www.redenoticia.com.br\/noticia\/wp-json\/wp\/v2\/users\/2"}],"replies":[{"embeddable":true,"href":"https:\/\/www.redenoticia.com.br\/noticia\/wp-json\/wp\/v2\/comments?post=70147"}],"version-history":[{"count":0,"href":"https:\/\/www.redenoticia.com.br\/noticia\/wp-json\/wp\/v2\/posts\/70147\/revisions"}],"wp:featuredmedia":[{"embeddable":true,"href":"https:\/\/www.redenoticia.com.br\/noticia\/wp-json\/wp\/v2\/media\/57585"}],"wp:attachment":[{"href":"https:\/\/www.redenoticia.com.br\/noticia\/wp-json\/wp\/v2\/media?parent=70147"}],"wp:term":[{"taxonomy":"category","embeddable":true,"href":"https:\/\/www.redenoticia.com.br\/noticia\/wp-json\/wp\/v2\/categories?post=70147"},{"taxonomy":"post_tag","embeddable":true,"href":"https:\/\/www.redenoticia.com.br\/noticia\/wp-json\/wp\/v2\/tags?post=70147"}],"curies":[{"name":"wp","href":"https:\/\/api.w.org\/{rel}","templated":true}]}}