{"id":70145,"date":"2015-05-13T18:12:09","date_gmt":"2015-05-13T21:12:09","guid":{"rendered":"http:\/\/www.redenoticia.com.br\/noticia\/?p=70145"},"modified":"2015-05-13T18:12:09","modified_gmt":"2015-05-13T21:12:09","slug":"reuniao-com-professores-em-greve-em-sp-termina-sem-proposta-de-reajuste","status":"publish","type":"post","link":"https:\/\/www.redenoticia.com.br\/noticia\/2015\/reuniao-com-professores-em-greve-em-sp-termina-sem-proposta-de-reajuste\/70145","title":{"rendered":"Reuni\u00e3o com professores em greve em SP termina sem proposta de reajuste"},"content":{"rendered":"<p> A Secretaria da Educa\u00e7\u00e3o do Estado de S\u00e3o Paulo s\u00f3 vai definir o \u00edndice de <strong><em>reajuste salarial dos professores<\/em><\/strong> na data-base de 1\u00ba de julho. A informa\u00e7\u00e3o \u00e9 da presidenta do Sindicato dos Professores do Ensino Oficial do Estado de S\u00e3o Paulo, Maria Izabel Azevedo Noronha, que se reuniu com o secret\u00e1rio da Educa\u00e7\u00e3o, Herman Voorwald.<\/p>\n<p>Os professores, que est\u00e3o em greve h\u00e1 dois meses, ficaram concentrados em frente \u00e0 sede da secretaria, na Pra\u00e7a da Rep\u00fablica, na capital paulista, onde ocorreu a reuni\u00e3o. Eles fizeram um protesto e penduraram c\u00f3pias dos seus contracheques nas grades da entrada da secretaria para reclamar dos sal\u00e1rios.<\/p>\n<p>Segundo Maria Izabel, apesar do impasse na quest\u00e3o salarial, o governo ofereceu propostas como a contrata\u00e7\u00e3o de professores tempor\u00e1rios por tr\u00eas anos ininterruptos, em vez de um ano. Os tempor\u00e1rios teriam atendimento pelo Instituto de Assist\u00eancia M\u00e9dica ao Servidor P\u00fablico Estadual (Iamspe), o que n\u00e3o ocorre atualmente.<\/p>\n<p>A secretaria confirmou, por meio de nota, que enviar\u00e1, em at\u00e9 30 dias, projeto de lei \u00e0 Assembleia Legislativa, que estabelece que n\u00e3o deve haver nenhum intervalo contratual por tr\u00eas anos. Ap\u00f3s este per\u00edodo, ser\u00e3o 180 dias de espera para uma nova atua\u00e7\u00e3o.<\/p>\n<p>Maria Izabel informou tamb\u00e9m que a secretaria se comprometeu em criar um grupo de trabalho, com participa\u00e7\u00e3o do sindicato, para desmembrar salas de aula, reduzindo assim o n\u00famero de estudantes por turma.<\/p>\n<p>Outra reivindica\u00e7\u00e3o, a contrata\u00e7\u00e3o de coordenadores pedag\u00f3gicos, poder\u00e1 ocorrer ainda este ano. \u201cN\u00e3o \u00e9 correto que o diretor tenha que gerir a escola e ser coordenador pedag\u00f3gico, \u00e9 muito dif\u00edcil. N\u00e3o d\u00e1 para casar as duas coisas\u201d, declarou a presidenta do sindicato.<\/p>\n<p>A secretaria informou que vai ampliar o n\u00famero de coordenadores. Atualmente, existem mais de 10 mil desses profissionais em exerc\u00edcio.<\/p>\n<p>Os professores fazem uma assembleia na pr\u00f3xima sexta-feira (15) no v\u00e3o-livre do Masp, \u00e0s 14h, para votar sobre essas propostas.<\/p>\n<p>Fernanda Cruz &#8211; Rep\u00f3rter da Ag\u00eancia Brasil<br \/>\nEdi\u00e7\u00e3o: Maria Claudia<\/p>\n","protected":false},"excerpt":{"rendered":"<p>A Secretaria da Educa\u00e7\u00e3o do Estado de S\u00e3o Paulo s\u00f3 vai definir o \u00edndice de reajuste salarial dos professores na data-base de 1\u00ba de julho. A informa\u00e7\u00e3o \u00e9 da presidenta do Sindicato dos Professores do Ensino Oficial do Estado de S\u00e3o Paulo, Maria Izabel Azevedo Noronha, que se reuniu com o secret\u00e1rio da Educa\u00e7\u00e3o, Herman [&hellip;]<\/p>\n","protected":false},"author":2,"featured_media":36241,"comment_status":"open","ping_status":"closed","sticky":false,"template":"","format":"standard","meta":{"_genesis_hide_title":false,"_genesis_hide_breadcrumbs":false,"_genesis_hide_singular_image":false,"_genesis_hide_footer_widgets":false,"_genesis_custom_body_class":"","_genesis_custom_post_class":"","_genesis_layout":"","_jetpack_memberships_contains_paid_content":false,"footnotes":""},"categories":[22],"tags":[],"class_list":{"0":"post-70145","1":"post","2":"type-post","3":"status-publish","4":"format-standard","5":"has-post-thumbnail","7":"category-brasil","8":"entry","9":"gs-1","10":"gs-odd","11":"gs-even","12":"gs-featured-content-entry"},"jetpack_featured_media_url":"https:\/\/www.redenoticia.com.br\/noticia\/imagens\/professor-b.jpg","jetpack_sharing_enabled":true,"jetpack_likes_enabled":true,"_links":{"self":[{"href":"https:\/\/www.redenoticia.com.br\/noticia\/wp-json\/wp\/v2\/posts\/70145","targetHints":{"allow":["GET"]}}],"collection":[{"href":"https:\/\/www.redenoticia.com.br\/noticia\/wp-json\/wp\/v2\/posts"}],"about":[{"href":"https:\/\/www.redenoticia.com.br\/noticia\/wp-json\/wp\/v2\/types\/post"}],"author":[{"embeddable":true,"href":"https:\/\/www.redenoticia.com.br\/noticia\/wp-json\/wp\/v2\/users\/2"}],"replies":[{"embeddable":true,"href":"https:\/\/www.redenoticia.com.br\/noticia\/wp-json\/wp\/v2\/comments?post=70145"}],"version-history":[{"count":0,"href":"https:\/\/www.redenoticia.com.br\/noticia\/wp-json\/wp\/v2\/posts\/70145\/revisions"}],"wp:featuredmedia":[{"embeddable":true,"href":"https:\/\/www.redenoticia.com.br\/noticia\/wp-json\/wp\/v2\/media\/36241"}],"wp:attachment":[{"href":"https:\/\/www.redenoticia.com.br\/noticia\/wp-json\/wp\/v2\/media?parent=70145"}],"wp:term":[{"taxonomy":"category","embeddable":true,"href":"https:\/\/www.redenoticia.com.br\/noticia\/wp-json\/wp\/v2\/categories?post=70145"},{"taxonomy":"post_tag","embeddable":true,"href":"https:\/\/www.redenoticia.com.br\/noticia\/wp-json\/wp\/v2\/tags?post=70145"}],"curies":[{"name":"wp","href":"https:\/\/api.w.org\/{rel}","templated":true}]}}